{"id":10087,"date":"2021-05-26T17:26:39","date_gmt":"2021-05-26T15:26:39","guid":{"rendered":"http:\/\/www.nvssf.com\/forbundet\/?p=10087"},"modified":"2021-05-26T17:30:15","modified_gmt":"2021-05-26T15:30:15","slug":"snabba-ryck-pa-sondag-startar-swedish-chess-team-battle-sasong-7","status":"publish","type":"post","link":"https:\/\/www.nvssf.com\/forbundet\/snabba-ryck-pa-sondag-startar-swedish-chess-team-battle-sasong-7\/","title":{"rendered":"Snabba ryck &#8211; p\u00e5 s\u00f6ndag startar Swedish Chess Team Battle s\u00e4song 7"},"content":{"rendered":"<p><a href=\"https:\/\/www.nvssf.com\/forbundet\/wp-content\/uploads\/2021\/03\/sctb_nypromologga-e1616588055347.png\"><img loading=\"lazy\" decoding=\"async\" class=\"aligncenter size-thumbnail wp-image-9830\" src=\"https:\/\/www.nvssf.com\/forbundet\/wp-content\/uploads\/2021\/03\/sctb_nypromologga-150x84.png\" alt=\"\" width=\"150\" height=\"84\" \/><\/a>P\u00e5 s\u00f6ndag den 30:e maj startar \u00e4nnu en s\u00e4song av online t\u00e4vlingen <strong>Swedish Chess Team Battle<\/strong>, klubblagst\u00e4vlingen som arrangeras av Sveriges Schackf\u00f6rbund. Det mesta \u00e4r sig likt sen f\u00f6rra s\u00e4songen. L\u00e4s mer om denna s\u00e4songen p\u00e5 schackf\u00f6rbundets <a href=\"https:\/\/schack.se\/nyhet\/sverige\/2021\/05\/start-30-maj-swedish-chess-team-battle-atervander\/\" target=\"_blank\" rel=\"noopener\">hemsida.<\/a><\/p>\n","protected":false},"excerpt":{"rendered":"<p>P\u00e5 s\u00f6ndag den 30:e maj startar \u00e4nnu en s\u00e4song av online t\u00e4vlingen Swedish Chess Team Battle, klubblagst\u00e4vlingen som arrangeras av Sveriges Schackf\u00f6rbund. Det mesta \u00e4r sig likt sen f\u00f6rra s\u00e4songen. L\u00e4s mer om denna s\u00e4songen p\u00e5 schackf\u00f6rbundets hemsida.<\/p>\n","protected":false},"author":2,"featured_media":0,"comment_status":"open","ping_status":"open","sticky":false,"template":"","format":"standard","meta":{"_acf_changed":false,"footnotes":""},"categories":[113,14],"tags":[],"acf":[],"_links":{"self":[{"href":"https:\/\/www.nvssf.com\/forbundet\/wp-json\/wp\/v2\/posts\/10087"}],"collection":[{"href":"https:\/\/www.nvssf.com\/forbundet\/wp-json\/wp\/v2\/posts"}],"about":[{"href":"https:\/\/www.nvssf.com\/forbundet\/wp-json\/wp\/v2\/types\/post"}],"author":[{"embeddable":true,"href":"https:\/\/www.nvssf.com\/forbundet\/wp-json\/wp\/v2\/users\/2"}],"replies":[{"embeddable":true,"href":"https:\/\/www.nvssf.com\/forbundet\/wp-json\/wp\/v2\/comments?post=10087"}],"version-history":[{"count":1,"href":"https:\/\/www.nvssf.com\/forbundet\/wp-json\/wp\/v2\/posts\/10087\/revisions"}],"predecessor-version":[{"id":10089,"href":"https:\/\/www.nvssf.com\/forbundet\/wp-json\/wp\/v2\/posts\/10087\/revisions\/10089"}],"wp:attachment":[{"href":"https:\/\/www.nvssf.com\/forbundet\/wp-json\/wp\/v2\/media?parent=10087"}],"wp:term":[{"taxonomy":"category","embeddable":true,"href":"https:\/\/www.nvssf.com\/forbundet\/wp-json\/wp\/v2\/categories?post=10087"},{"taxonomy":"post_tag","embeddable":true,"href":"https:\/\/www.nvssf.com\/forbundet\/wp-json\/wp\/v2\/tags?post=10087"}],"curies":[{"name":"wp","href":"https:\/\/api.w.org\/{rel}","templated":true}]}}