{"id":10165,"date":"2021-06-11T10:52:11","date_gmt":"2021-06-11T08:52:11","guid":{"rendered":"http:\/\/www.nvssf.com\/forbundet\/?p=10165"},"modified":"2021-06-11T10:52:11","modified_gmt":"2021-06-11T08:52:11","slug":"pia-cramling-en-av-sommarpratarna-i-ar","status":"publish","type":"post","link":"https:\/\/www.nvssf.com\/forbundet\/pia-cramling-en-av-sommarpratarna-i-ar\/","title":{"rendered":"Pia Cramling en av sommarpratarna i \u00e5r"},"content":{"rendered":"<p>V\u00e5r b\u00e4ste kvinnliga schackspelare kommer att vara en av \u00e5rets sommarpratare i radions p1. Lyssna <a href=\"https:\/\/sverigesradio.se\/avsnitt\/1734360?programid=2071\" target=\"_blank\" rel=\"noopener\">h\u00e4r<\/a> den 18 augusti kl 13.00.<\/p>\n<p>L\u00e4s mer om detta p\u00e5 Sveriges Schackf\u00f6rbunds <a href=\"https:\/\/schack.se\/nyhet\/sverige\/2021\/06\/pia-cramling-blir-sommarpratare-storsta-jag-varit-med-om\/\" target=\"_blank\" rel=\"noopener\">hemsida<\/a>.<\/p>\n","protected":false},"excerpt":{"rendered":"<p>V\u00e5r b\u00e4ste kvinnliga schackspelare kommer att vara en av \u00e5rets sommarpratare i radions p1. Lyssna h\u00e4r den 18 augusti kl 13.00. L\u00e4s mer om detta p\u00e5 Sveriges Schackf\u00f6rbunds hemsida.<\/p>\n","protected":false},"author":2,"featured_media":0,"comment_status":"open","ping_status":"open","sticky":false,"template":"","format":"standard","meta":{"_acf_changed":false,"footnotes":""},"categories":[70],"tags":[],"acf":[],"_links":{"self":[{"href":"https:\/\/www.nvssf.com\/forbundet\/wp-json\/wp\/v2\/posts\/10165"}],"collection":[{"href":"https:\/\/www.nvssf.com\/forbundet\/wp-json\/wp\/v2\/posts"}],"about":[{"href":"https:\/\/www.nvssf.com\/forbundet\/wp-json\/wp\/v2\/types\/post"}],"author":[{"embeddable":true,"href":"https:\/\/www.nvssf.com\/forbundet\/wp-json\/wp\/v2\/users\/2"}],"replies":[{"embeddable":true,"href":"https:\/\/www.nvssf.com\/forbundet\/wp-json\/wp\/v2\/comments?post=10165"}],"version-history":[{"count":1,"href":"https:\/\/www.nvssf.com\/forbundet\/wp-json\/wp\/v2\/posts\/10165\/revisions"}],"predecessor-version":[{"id":10166,"href":"https:\/\/www.nvssf.com\/forbundet\/wp-json\/wp\/v2\/posts\/10165\/revisions\/10166"}],"wp:attachment":[{"href":"https:\/\/www.nvssf.com\/forbundet\/wp-json\/wp\/v2\/media?parent=10165"}],"wp:term":[{"taxonomy":"category","embeddable":true,"href":"https:\/\/www.nvssf.com\/forbundet\/wp-json\/wp\/v2\/categories?post=10165"},{"taxonomy":"post_tag","embeddable":true,"href":"https:\/\/www.nvssf.com\/forbundet\/wp-json\/wp\/v2\/tags?post=10165"}],"curies":[{"name":"wp","href":"https:\/\/api.w.org\/{rel}","templated":true}]}}