{"id":1017,"date":"2014-11-23T09:18:06","date_gmt":"2014-11-23T08:18:06","guid":{"rendered":"http:\/\/www.nvssf.com\/forbundet\/?p=1017"},"modified":"2020-02-26T13:45:22","modified_gmt":"2020-02-26T12:45:22","slug":"hask-blixten-sista-anmalningsdag-framflyttad-till-den-25e","status":"publish","type":"post","link":"https:\/\/www.nvssf.com\/forbundet\/hask-blixten-sista-anmalningsdag-framflyttad-till-den-25e\/","title":{"rendered":"HASK blixten: Sista anm\u00e4lningsdag framflyttad till den 25:e"},"content":{"rendered":"<p>Sista anm\u00e4lningsdag utan efteranm\u00e4lningensavgiften p\u00e5 50 kr \u00e4r flyttad fr\u00e5n idag till Tisdagen den 25:e november.<\/p>\n<p>Allts\u00e5 alla som anm\u00e4ler sig senast den 25:e november slipper efteranm\u00e4lningsavgiften. Det smidigaste s\u00e4ttet att anm\u00e4la sig p\u00e5 \u00e4r via webbanm\u00e4lan som du hittar p\u00e5 denna sida: https:\/\/www.nvssf.com\/forbundet\/webbanmalan-hask-blixten-2014\/<\/p>\n<p>Just nu \u00e4r 21 spelare anm\u00e4lda och h\u00f6gst rankad \u00e4r danske Storm\u00e4staren Allan Stig Rasmussen. Allan spelar just nu Elitseriesammandraget i T\u00e4by med sin svenska klubb Eksj\u00f6 SK och han har tagit 1\u00bd av 2. L\u00e4nk till Elitseriesammandraget finns ute i h\u00f6germarginalen p\u00e5 start och nyhetssidan.<\/p>\n","protected":false},"excerpt":{"rendered":"<p>Sista anm\u00e4lningsdag utan efteranm\u00e4lningensavgiften p\u00e5 50 kr \u00e4r flyttad fr\u00e5n idag till Tisdagen den 25:e november. Allts\u00e5 alla som anm\u00e4ler sig senast den 25:e november slipper efteranm\u00e4lningsavgiften. Det smidigaste s\u00e4ttet att anm\u00e4la sig p\u00e5 \u00e4r via webbanm\u00e4lan som du hittar &hellip; <a href=\"https:\/\/www.nvssf.com\/forbundet\/hask-blixten-sista-anmalningsdag-framflyttad-till-den-25e\/\">Forts\u00e4tt l\u00e4sa <span class=\"meta-nav\">&rarr;<\/span><\/a><\/p>\n","protected":false},"author":2,"featured_media":0,"comment_status":"open","ping_status":"open","sticky":false,"template":"","format":"standard","meta":{"_acf_changed":false,"footnotes":""},"categories":[1],"tags":[],"acf":[],"_links":{"self":[{"href":"https:\/\/www.nvssf.com\/forbundet\/wp-json\/wp\/v2\/posts\/1017"}],"collection":[{"href":"https:\/\/www.nvssf.com\/forbundet\/wp-json\/wp\/v2\/posts"}],"about":[{"href":"https:\/\/www.nvssf.com\/forbundet\/wp-json\/wp\/v2\/types\/post"}],"author":[{"embeddable":true,"href":"https:\/\/www.nvssf.com\/forbundet\/wp-json\/wp\/v2\/users\/2"}],"replies":[{"embeddable":true,"href":"https:\/\/www.nvssf.com\/forbundet\/wp-json\/wp\/v2\/comments?post=1017"}],"version-history":[{"count":1,"href":"https:\/\/www.nvssf.com\/forbundet\/wp-json\/wp\/v2\/posts\/1017\/revisions"}],"predecessor-version":[{"id":8441,"href":"https:\/\/www.nvssf.com\/forbundet\/wp-json\/wp\/v2\/posts\/1017\/revisions\/8441"}],"wp:attachment":[{"href":"https:\/\/www.nvssf.com\/forbundet\/wp-json\/wp\/v2\/media?parent=1017"}],"wp:term":[{"taxonomy":"category","embeddable":true,"href":"https:\/\/www.nvssf.com\/forbundet\/wp-json\/wp\/v2\/categories?post=1017"},{"taxonomy":"post_tag","embeddable":true,"href":"https:\/\/www.nvssf.com\/forbundet\/wp-json\/wp\/v2\/tags?post=1017"}],"curies":[{"name":"wp","href":"https:\/\/api.w.org\/{rel}","templated":true}]}}