{"id":10303,"date":"2021-08-11T11:21:23","date_gmt":"2021-08-11T09:21:23","guid":{"rendered":"http:\/\/www.nvssf.com\/forbundet\/?p=10303"},"modified":"2021-08-11T11:21:23","modified_gmt":"2021-08-11T09:21:23","slug":"ungdomsledartraff-skane","status":"publish","type":"post","link":"https:\/\/www.nvssf.com\/forbundet\/ungdomsledartraff-skane\/","title":{"rendered":"Ungdomsledartr\u00e4ff Sk\u00e5ne"},"content":{"rendered":"<p>Det \u00e4r snart dags f\u00f6r den \u00e5rliga tr\u00e4ffen f\u00f6r ungdomsledare som <a href=\"http:\/\/skaneschack.se\/\" target=\"_blank\" rel=\"noopener\">Sk\u00e5nes SF<\/a> arrangerar. Se info nedan:<\/p>\n<p><strong>Tid:<\/strong>\u00c2\u00a0L\u00f6rdag den 28:e augusti klockan 11.00<\/p>\n<p><strong>Plats:<\/strong>\u00c2\u00a0Limhamns SK, V\u00e4stra Kalkbrottsgr\u00e4nd 19 B, Malm\u00f6.<\/p>\n<p><strong>Vem kan komma:<\/strong> Alla som h\u00e5ller p\u00e5 med ungdomsschack i n\u00e5gon form och p\u00e5 n\u00e5gon niv\u00e5 inom Sk\u00e5ne f\u00f6rbunden \u00e4r v\u00e4lkomna att delta.<\/p>\n<p><strong>Vad ska diskutera:<\/strong>\u00c2\u00a0Hur s\u00e4songen 2021-2022 b\u00f6r se ut.<\/p>\n<p><strong>Fika:<\/strong>\u00c2\u00a0Vi bjuder p\u00e5 fika under tiden som vi diskuterar.<\/p>\n","protected":false},"excerpt":{"rendered":"<p>Det \u00e4r snart dags f\u00f6r den \u00e5rliga tr\u00e4ffen f\u00f6r ungdomsledare som Sk\u00e5nes SF arrangerar. Se info nedan: Tid:\u00c2\u00a0L\u00f6rdag den 28:e augusti klockan 11.00 Plats:\u00c2\u00a0Limhamns SK, V\u00e4stra Kalkbrottsgr\u00e4nd 19 B, Malm\u00f6. Vem kan komma: Alla som h\u00e5ller p\u00e5 med ungdomsschack i &hellip; <a href=\"https:\/\/www.nvssf.com\/forbundet\/ungdomsledartraff-skane\/\">Forts\u00e4tt l\u00e4sa <span class=\"meta-nav\">&rarr;<\/span><\/a><\/p>\n","protected":false},"author":2,"featured_media":0,"comment_status":"open","ping_status":"open","sticky":false,"template":"","format":"standard","meta":{"_acf_changed":false,"footnotes":""},"categories":[13],"tags":[],"acf":[],"_links":{"self":[{"href":"https:\/\/www.nvssf.com\/forbundet\/wp-json\/wp\/v2\/posts\/10303"}],"collection":[{"href":"https:\/\/www.nvssf.com\/forbundet\/wp-json\/wp\/v2\/posts"}],"about":[{"href":"https:\/\/www.nvssf.com\/forbundet\/wp-json\/wp\/v2\/types\/post"}],"author":[{"embeddable":true,"href":"https:\/\/www.nvssf.com\/forbundet\/wp-json\/wp\/v2\/users\/2"}],"replies":[{"embeddable":true,"href":"https:\/\/www.nvssf.com\/forbundet\/wp-json\/wp\/v2\/comments?post=10303"}],"version-history":[{"count":1,"href":"https:\/\/www.nvssf.com\/forbundet\/wp-json\/wp\/v2\/posts\/10303\/revisions"}],"predecessor-version":[{"id":10304,"href":"https:\/\/www.nvssf.com\/forbundet\/wp-json\/wp\/v2\/posts\/10303\/revisions\/10304"}],"wp:attachment":[{"href":"https:\/\/www.nvssf.com\/forbundet\/wp-json\/wp\/v2\/media?parent=10303"}],"wp:term":[{"taxonomy":"category","embeddable":true,"href":"https:\/\/www.nvssf.com\/forbundet\/wp-json\/wp\/v2\/categories?post=10303"},{"taxonomy":"post_tag","embeddable":true,"href":"https:\/\/www.nvssf.com\/forbundet\/wp-json\/wp\/v2\/tags?post=10303"}],"curies":[{"name":"wp","href":"https:\/\/api.w.org\/{rel}","templated":true}]}}