{"id":10306,"date":"2021-08-11T20:00:19","date_gmt":"2021-08-11T18:00:19","guid":{"rendered":"http:\/\/www.nvssf.com\/forbundet\/?p=10306"},"modified":"2021-08-11T16:07:00","modified_gmt":"2021-08-11T14:07:00","slug":"international-chess-holiday-i-prag-2","status":"publish","type":"post","link":"https:\/\/www.nvssf.com\/forbundet\/international-chess-holiday-i-prag-2\/","title":{"rendered":"International Chess Holiday i Prag"},"content":{"rendered":"<p>Fyra nordv\u00e4stsk\u00e5ningar drog till Prag vid m\u00e5nadsskiftet juli-augusti och spelade <a href=\"http:\/\/www.schach-prag.cz\/en\/index.html\" target=\"_blank\" rel=\"noopener\">International Chess Holiday<\/a>.<\/p>\n<p><strong>Staffan Thomasson<\/strong>, Helsingborgs ASK spelade i l\u00e5ngparti turneringen &#8217;International Chess Holiday K&#8217;. Han tog 4\u00bd po\u00e4ng p\u00e5 de 9 ronderna och slutade p\u00e5 4:e plats (10 deltagare).<\/p>\n<p><strong>Peter Dalling<\/strong>; Engelholms SK,\u00c2\u00a0<strong>Ulf Ringdahl<\/strong>; Engelholms SK och\u00c2\u00a0<strong>Stefan Myrenfors<\/strong>, Helsingborgs SS deltog i flera olika snabbschacks turneringar:<\/p>\n<ul>\n<li><a href=\"https:\/\/chess-results.com\/tnr572453.aspx?art=1&amp;lan=6\" target=\"_blank\" rel=\"noopener\">International Chess Holiday RFA<\/a><\/li>\n<li><a href=\"https:\/\/chess-results.com\/tnr572454.aspx?art=1&amp;lan=6\" target=\"_blank\" rel=\"noopener\">International Chess Holiday RFB<\/a><\/li>\n<li><a href=\"https:\/\/chess-results.com\/tnr572292.aspx?art=1&amp;lan=6\" target=\"_blank\" rel=\"noopener\">International Chess Holiday RC<\/a><\/li>\n<\/ul>\n<div id=\"attachment_10305\" style=\"width: 594px\" class=\"wp-caption alignright\"><a href=\"https:\/\/www.nvssf.com\/forbundet\/wp-content\/uploads\/2021\/08\/StaffanThPrag2021InternationalChessHoliday-e1628689483620.jpg\"><img loading=\"lazy\" decoding=\"async\" aria-describedby=\"caption-attachment-10305\" class=\"size-large wp-image-10305\" src=\"https:\/\/www.nvssf.com\/forbundet\/wp-content\/uploads\/2021\/08\/StaffanThPrag2021InternationalChessHoliday-1024x768.jpg\" alt=\"Staffan Thomasson, International Chess Holiday Prag 2021\" width=\"584\" height=\"438\" \/><\/a><p id=\"caption-attachment-10305\" class=\"wp-caption-text\">Staffan Thomasson spelar vit mot ok\u00e4nd motspelare. foto: Turneringens hemsida ( http:\/\/www.schach-prag.cz\/en\/index.html )<\/p><\/div>\n<p>&nbsp;<\/p>\n","protected":false},"excerpt":{"rendered":"<p>Fyra nordv\u00e4stsk\u00e5ningar drog till Prag vid m\u00e5nadsskiftet juli-augusti och spelade International Chess Holiday. Staffan Thomasson, Helsingborgs ASK spelade i l\u00e5ngparti turneringen &#8217;International Chess Holiday K&#8217;. Han tog 4\u00bd po\u00e4ng p\u00e5 de 9 ronderna och slutade p\u00e5 4:e plats (10 deltagare). &hellip; <a href=\"https:\/\/www.nvssf.com\/forbundet\/international-chess-holiday-i-prag-2\/\">Forts\u00e4tt l\u00e4sa <span class=\"meta-nav\">&rarr;<\/span><\/a><\/p>\n","protected":false},"author":2,"featured_media":0,"comment_status":"open","ping_status":"open","sticky":false,"template":"","format":"standard","meta":{"_acf_changed":false,"footnotes":""},"categories":[138,15,137],"tags":[46,41,48],"acf":[],"_links":{"self":[{"href":"https:\/\/www.nvssf.com\/forbundet\/wp-json\/wp\/v2\/posts\/10306"}],"collection":[{"href":"https:\/\/www.nvssf.com\/forbundet\/wp-json\/wp\/v2\/posts"}],"about":[{"href":"https:\/\/www.nvssf.com\/forbundet\/wp-json\/wp\/v2\/types\/post"}],"author":[{"embeddable":true,"href":"https:\/\/www.nvssf.com\/forbundet\/wp-json\/wp\/v2\/users\/2"}],"replies":[{"embeddable":true,"href":"https:\/\/www.nvssf.com\/forbundet\/wp-json\/wp\/v2\/comments?post=10306"}],"version-history":[{"count":1,"href":"https:\/\/www.nvssf.com\/forbundet\/wp-json\/wp\/v2\/posts\/10306\/revisions"}],"predecessor-version":[{"id":10308,"href":"https:\/\/www.nvssf.com\/forbundet\/wp-json\/wp\/v2\/posts\/10306\/revisions\/10308"}],"wp:attachment":[{"href":"https:\/\/www.nvssf.com\/forbundet\/wp-json\/wp\/v2\/media?parent=10306"}],"wp:term":[{"taxonomy":"category","embeddable":true,"href":"https:\/\/www.nvssf.com\/forbundet\/wp-json\/wp\/v2\/categories?post=10306"},{"taxonomy":"post_tag","embeddable":true,"href":"https:\/\/www.nvssf.com\/forbundet\/wp-json\/wp\/v2\/tags?post=10306"}],"curies":[{"name":"wp","href":"https:\/\/api.w.org\/{rel}","templated":true}]}}