{"id":10340,"date":"2021-08-23T08:01:46","date_gmt":"2021-08-23T06:01:46","guid":{"rendered":"http:\/\/www.nvssf.com\/forbundet\/?p=10340"},"modified":"2021-08-23T14:28:43","modified_gmt":"2021-08-23T12:28:43","slug":"majed-framgangsrik-i-lask-weekend-3","status":"publish","type":"post","link":"https:\/\/www.nvssf.com\/forbundet\/majed-framgangsrik-i-lask-weekend-3\/","title":{"rendered":"Majed framg\u00e5ngsrik i Lask Weekend 3"},"content":{"rendered":"<div id=\"attachment_10342\" style=\"width: 310px\" class=\"wp-caption alignleft\"><a href=\"https:\/\/www.nvssf.com\/forbundet\/wp-content\/uploads\/2021\/08\/MajedF.png\"><img loading=\"lazy\" decoding=\"async\" aria-describedby=\"caption-attachment-10342\" class=\"size-medium wp-image-10342\" src=\"https:\/\/www.nvssf.com\/forbundet\/wp-content\/uploads\/2021\/08\/MajedF-300x277.png\" alt=\"Majed Fakhr Eldin\" width=\"300\" height=\"277\" srcset=\"https:\/\/www.nvssf.com\/forbundet\/wp-content\/uploads\/2021\/08\/MajedF-300x277.png 300w, https:\/\/www.nvssf.com\/forbundet\/wp-content\/uploads\/2021\/08\/MajedF-150x138.png 150w, https:\/\/www.nvssf.com\/forbundet\/wp-content\/uploads\/2021\/08\/MajedF-325x300.png 325w, https:\/\/www.nvssf.com\/forbundet\/wp-content\/uploads\/2021\/08\/MajedF.png 400w\" sizes=\"(max-width: 300px) 100vw, 300px\" \/><\/a><p id=\"caption-attachment-10342\" class=\"wp-caption-text\">Majed Fakhr Eldin foto: Lars OA Hedlund<\/p><\/div>\n<p>I helgen spelades <a href=\"http:\/\/lask.se\/\" target=\"_blank\" rel=\"noopener\">Lunds ASK<\/a> weekendturnering med fyra deltagare ifr\u00e5n NvSSF.<\/p>\n<p><strong>Majed Fakhr Eldin<\/strong> segrade i <a href=\"https:\/\/member.schack.se\/ShowTournamentServlet?id=8954\" target=\"_blank\" rel=\"noopener\">grupp 6<\/a> och kan den 1 september gl\u00e4djas \u00e5t 26 fr\u00e4scha rankingpo\u00e4ng. Majed vann samtliga sina tre partier. Han har nu b\u00f6rjat sin kl\u00e4ttring p\u00e5 rankingstegen f\u00f6r att f\u00e5 ett rankingtal som b\u00e4ttre speglar hans spelstyrka. 1553 \u00e4r alldeles f\u00f6r l\u00e5gt!<\/p>\n<p><strong>Filip Jonsson<\/strong> hade liksom Majed en lyckad helg, han kom 2:a i starka <a href=\"https:\/\/member.schack.se\/ShowTournamentServlet?id=8950\" target=\"_blank\" rel=\"noopener\">grupp 2<\/a>. Tv\u00e5 vinster och en f\u00f6rlust (mot gruppsegraren) var ett bra resultat i denna fyramanna-gruppen som hade spelare rankade p\u00e5 5 &#8211; 8 plats i startf\u00e4ltet (36 deltagare).<\/p>\n<p><strong>Issam Kayali<\/strong> och\u00c2\u00a0<strong>Stefan Lupeskovic<\/strong> fick n\u00f6ja sig med 3:e platser i sina grupper denna g\u00e5ng.<\/p>\n<p>Samtliga spelare som n\u00e4mns ovan representerar Helsingborgs ASK.<\/p>\n","protected":false},"excerpt":{"rendered":"<p>I helgen spelades Lunds ASK weekendturnering med fyra deltagare ifr\u00e5n NvSSF. Majed Fakhr Eldin segrade i grupp 6 och kan den 1 september gl\u00e4djas \u00e5t 26 fr\u00e4scha rankingpo\u00e4ng. Majed vann samtliga sina tre partier. Han har nu b\u00f6rjat sin kl\u00e4ttring &hellip; <a href=\"https:\/\/www.nvssf.com\/forbundet\/majed-framgangsrik-i-lask-weekend-3\/\">Forts\u00e4tt l\u00e4sa <span class=\"meta-nav\">&rarr;<\/span><\/a><\/p>\n","protected":false},"author":2,"featured_media":0,"comment_status":"open","ping_status":"open","sticky":false,"template":"","format":"standard","meta":{"_acf_changed":false,"footnotes":""},"categories":[14],"tags":[41,37],"acf":[],"_links":{"self":[{"href":"https:\/\/www.nvssf.com\/forbundet\/wp-json\/wp\/v2\/posts\/10340"}],"collection":[{"href":"https:\/\/www.nvssf.com\/forbundet\/wp-json\/wp\/v2\/posts"}],"about":[{"href":"https:\/\/www.nvssf.com\/forbundet\/wp-json\/wp\/v2\/types\/post"}],"author":[{"embeddable":true,"href":"https:\/\/www.nvssf.com\/forbundet\/wp-json\/wp\/v2\/users\/2"}],"replies":[{"embeddable":true,"href":"https:\/\/www.nvssf.com\/forbundet\/wp-json\/wp\/v2\/comments?post=10340"}],"version-history":[{"count":1,"href":"https:\/\/www.nvssf.com\/forbundet\/wp-json\/wp\/v2\/posts\/10340\/revisions"}],"predecessor-version":[{"id":10345,"href":"https:\/\/www.nvssf.com\/forbundet\/wp-json\/wp\/v2\/posts\/10340\/revisions\/10345"}],"wp:attachment":[{"href":"https:\/\/www.nvssf.com\/forbundet\/wp-json\/wp\/v2\/media?parent=10340"}],"wp:term":[{"taxonomy":"category","embeddable":true,"href":"https:\/\/www.nvssf.com\/forbundet\/wp-json\/wp\/v2\/categories?post=10340"},{"taxonomy":"post_tag","embeddable":true,"href":"https:\/\/www.nvssf.com\/forbundet\/wp-json\/wp\/v2\/tags?post=10340"}],"curies":[{"name":"wp","href":"https:\/\/api.w.org\/{rel}","templated":true}]}}