{"id":10371,"date":"2021-08-29T17:18:51","date_gmt":"2021-08-29T15:18:51","guid":{"rendered":"http:\/\/www.nvssf.com\/forbundet\/?p=10371"},"modified":"2021-08-30T07:21:42","modified_gmt":"2021-08-30T05:21:42","slug":"tomas-rosell-8a-i-frans-g-bengtssons-minnesturnering","status":"publish","type":"post","link":"https:\/\/www.nvssf.com\/forbundet\/tomas-rosell-8a-i-frans-g-bengtssons-minnesturnering\/","title":{"rendered":"Tomas Rosell 8:a i Frans G Bengtssons minnesturnering"},"content":{"rendered":"<p><a href=\"https:\/\/www.nvssf.com\/forbundet\/wp-content\/uploads\/2015\/08\/fransGb.gif\"><img loading=\"lazy\" decoding=\"async\" class=\"alignleft size-full wp-image-1795\" src=\"https:\/\/www.nvssf.com\/forbundet\/wp-content\/uploads\/2015\/08\/fransGb.gif\" alt=\"Frans G Bengtsson\" width=\"91\" height=\"150\" \/><\/a>Helsingborg ASK spelaren Tomas Rosell hamnade idag p\u00e5 8:e plats i tidshandikappturneringen <a href=\"http:\/\/lask.se\/admin\/upload\/FGB-inbjudan_2021.pdf\" target=\"_blank\" rel=\"noopener\">Frans G Bengtssons minnesturnering<\/a>. Det var f\u00f6r <a href=\"http:\/\/lask.se\/admin\/upload\/FGB-historik_200830.pdf\" target=\"_blank\" rel=\"noopener\">\u00f6vrigt 53:e g\u00e5ngen<\/a> denna turnering spelades!<\/p>\n<p>Rosell har vunnit t\u00e4vlingen fyra g\u00e5nger, senaste g\u00e5ngen var f\u00f6rra \u00e5ret. Denna g\u00e5ng gick det inte, det \u00e4r sm\u00e5 marginaler i handikappsturneringar, Tomas var rankad p\u00e5 3:e plats s\u00e5 han fick l\u00e4mna tidshandikapp i 7 av de 8 partierna. Men jag \u00e4r beredd att s\u00e4tta en slant att han<!--more--> kommer vinna turneringen fler g\u00e5nger i framtiden!<\/p>\n<p>Se <a href=\"https:\/\/member.schack.se\/ShowTournamentServlet?id=8885\" target=\"_blank\" rel=\"noopener\">h\u00e4r<\/a> f\u00f6r de \u00f6vriga tre deltagande nordv\u00e4stsk\u00e5ningarnas placeringar bland de 29 startande. V\u00e4rt att notera \u00e4r att Esad Khariman, Landskrona SK besegrade Tomas Rosell i rond 1.<\/p>\n<p>Min planerade rubrik till denna artikel var egentligen &#8217;Alexander Nord vann &#8230;&#8221; men den rubriken har anv\u00e4nts ett flertal g\u00e5nger senaste m\u00e5naderna s\u00e5 jag k\u00e4nde mig som en &#8217;copycat&#8217; och \u00e4ndrade till den aktuella. Endast 16-\u00e5rige Alexander har visat mycket god form senaste tiden. Bland annat har segrat i LASK weekend x 2. Jag \u00e4r inte f\u00f6rv\u00e5nad, han \u00e4r en beg\u00e5vad ung man som vi kommer att h\u00f6ra talas om mer i framtiden.<\/p>\n","protected":false},"excerpt":{"rendered":"<p>Helsingborg ASK spelaren Tomas Rosell hamnade idag p\u00e5 8:e plats i tidshandikappturneringen Frans G Bengtssons minnesturnering. Det var f\u00f6r \u00f6vrigt 53:e g\u00e5ngen denna turnering spelades! Rosell har vunnit t\u00e4vlingen fyra g\u00e5nger, senaste g\u00e5ngen var f\u00f6rra \u00e5ret. Denna g\u00e5ng gick det &hellip; <a href=\"https:\/\/www.nvssf.com\/forbundet\/tomas-rosell-8a-i-frans-g-bengtssons-minnesturnering\/\">Forts\u00e4tt l\u00e4sa <span class=\"meta-nav\">&rarr;<\/span><\/a><\/p>\n","protected":false},"author":2,"featured_media":0,"comment_status":"open","ping_status":"open","sticky":false,"template":"","format":"standard","meta":{"_acf_changed":false,"footnotes":""},"categories":[14],"tags":[],"acf":[],"_links":{"self":[{"href":"https:\/\/www.nvssf.com\/forbundet\/wp-json\/wp\/v2\/posts\/10371"}],"collection":[{"href":"https:\/\/www.nvssf.com\/forbundet\/wp-json\/wp\/v2\/posts"}],"about":[{"href":"https:\/\/www.nvssf.com\/forbundet\/wp-json\/wp\/v2\/types\/post"}],"author":[{"embeddable":true,"href":"https:\/\/www.nvssf.com\/forbundet\/wp-json\/wp\/v2\/users\/2"}],"replies":[{"embeddable":true,"href":"https:\/\/www.nvssf.com\/forbundet\/wp-json\/wp\/v2\/comments?post=10371"}],"version-history":[{"count":1,"href":"https:\/\/www.nvssf.com\/forbundet\/wp-json\/wp\/v2\/posts\/10371\/revisions"}],"predecessor-version":[{"id":10379,"href":"https:\/\/www.nvssf.com\/forbundet\/wp-json\/wp\/v2\/posts\/10371\/revisions\/10379"}],"wp:attachment":[{"href":"https:\/\/www.nvssf.com\/forbundet\/wp-json\/wp\/v2\/media?parent=10371"}],"wp:term":[{"taxonomy":"category","embeddable":true,"href":"https:\/\/www.nvssf.com\/forbundet\/wp-json\/wp\/v2\/categories?post=10371"},{"taxonomy":"post_tag","embeddable":true,"href":"https:\/\/www.nvssf.com\/forbundet\/wp-json\/wp\/v2\/tags?post=10371"}],"curies":[{"name":"wp","href":"https:\/\/api.w.org\/{rel}","templated":true}]}}