{"id":10545,"date":"2021-10-17T14:46:49","date_gmt":"2021-10-17T12:46:49","guid":{"rendered":"http:\/\/www.nvssf.com\/forbundet\/?p=10545"},"modified":"2021-10-18T08:49:57","modified_gmt":"2021-10-18T06:49:57","slug":"distriktsmastare-korad-i-snabbschack","status":"publish","type":"post","link":"https:\/\/www.nvssf.com\/forbundet\/distriktsmastare-korad-i-snabbschack\/","title":{"rendered":"Distriktsm\u00e4stare korad i snabbschack"},"content":{"rendered":"<p><a href=\"https:\/\/www.nvssf.com\/forbundet\/wp-content\/uploads\/2014\/03\/NVSSFlogo.jpg\"><img loading=\"lazy\" decoding=\"async\" class=\"alignleft size-full wp-image-6\" src=\"https:\/\/www.nvssf.com\/forbundet\/wp-content\/uploads\/2014\/03\/NVSSFlogo.jpg\" alt=\"nvssf logga\" width=\"82\" height=\"82\" \/><\/a>Tyv\u00e4rr lockade dagens <a href=\"https:\/\/member.schack.se\/ShowTournamentServlet?id=9218\" target=\"_blank\" rel=\"noopener\">Snabb-DM<\/a> (15 minuter + 5 sekunders increment) bara 6 deltagare. N\u00e5gra fler deltagare, b\u00e5de bland l\u00e4gre rankade och h\u00f6gre rankade ifr\u00e5n distriktet hade varit gl\u00e4djande. Inte f\u00f6r att det st\u00f6rde oss som deltog, spelgl\u00e4djen sprudlade. Distriktsm\u00e4staren Anders Hansen, Helsingborgs ASK var inte en sj\u00e4lvklar segrare, han (jag) var pressad i partierna mot Lars Persson och Eszter Enyedi. Dessutom s\u00e5 \u00e4r hans klubbkamrat Majed Fakhr Eldin en &#8217;coming man&#8217; med lite f\u00f6r l\u00e5g ranking och det visade han idag. Med<!--more--> stabilt spel kom han tv\u00e5a. Trea blev Ted Sandbech, Klippans SK som inte \u00e4r n\u00e5gon duvunge. Han har bland annat ett par segrar mot en av distriktets b\u00e4sta spelare, Tomas Rosell.<\/p>\n<div id=\"attachment_10543\" style=\"width: 804px\" class=\"wp-caption alignleft\"><a href=\"https:\/\/www.nvssf.com\/forbundet\/wp-content\/uploads\/2021\/10\/PristagareSnabbDM2021webb.jpg\"><img loading=\"lazy\" decoding=\"async\" aria-describedby=\"caption-attachment-10543\" class=\"size-full wp-image-10543\" src=\"https:\/\/www.nvssf.com\/forbundet\/wp-content\/uploads\/2021\/10\/PristagareSnabbDM2021webb.jpg\" alt=\"Pristagare Snabb DM 2021\" width=\"794\" height=\"923\" srcset=\"https:\/\/www.nvssf.com\/forbundet\/wp-content\/uploads\/2021\/10\/PristagareSnabbDM2021webb.jpg 794w, https:\/\/www.nvssf.com\/forbundet\/wp-content\/uploads\/2021\/10\/PristagareSnabbDM2021webb-258x300.jpg 258w, https:\/\/www.nvssf.com\/forbundet\/wp-content\/uploads\/2021\/10\/PristagareSnabbDM2021webb-129x150.jpg 129w, https:\/\/www.nvssf.com\/forbundet\/wp-content\/uploads\/2021\/10\/PristagareSnabbDM2021webb-768x893.jpg 768w\" sizes=\"(max-width: 794px) 100vw, 794px\" \/><\/a><p id=\"caption-attachment-10543\" class=\"wp-caption-text\">Pristagarna i snabb-dm. Fr\u00e5n v\u00e4nster: Majed Fakhr Eldin 2:a, Anders Hansen 1:a och 3:an Ted Sandbech. Foto: Lars Persson<\/p><\/div>\n<p>&nbsp;<\/p>\n<h3>Slutst\u00e4llning<\/h3>\n<p><a href=\"https:\/\/www.nvssf.com\/forbundet\/wp-content\/uploads\/2021\/10\/NvssfSnabbDMTabell-e1634473095993.png\"><img loading=\"lazy\" decoding=\"async\" class=\"alignleft size-full wp-image-10544\" src=\"https:\/\/www.nvssf.com\/forbundet\/wp-content\/uploads\/2021\/10\/NvssfSnabbDMTabell-e1634473095993.png\" alt=\"\" width=\"733\" height=\"254\" srcset=\"https:\/\/www.nvssf.com\/forbundet\/wp-content\/uploads\/2021\/10\/NvssfSnabbDMTabell-e1634473095993.png 733w, https:\/\/www.nvssf.com\/forbundet\/wp-content\/uploads\/2021\/10\/NvssfSnabbDMTabell-e1634473095993-300x104.png 300w, https:\/\/www.nvssf.com\/forbundet\/wp-content\/uploads\/2021\/10\/NvssfSnabbDMTabell-e1634473095993-150x52.png 150w, https:\/\/www.nvssf.com\/forbundet\/wp-content\/uploads\/2021\/10\/NvssfSnabbDMTabell-e1634473095993-500x173.png 500w\" sizes=\"(max-width: 733px) 100vw, 733px\" \/><\/a><\/p>\n","protected":false},"excerpt":{"rendered":"<p>Tyv\u00e4rr lockade dagens Snabb-DM (15 minuter + 5 sekunders increment) bara 6 deltagare. N\u00e5gra fler deltagare, b\u00e5de bland l\u00e4gre rankade och h\u00f6gre rankade ifr\u00e5n distriktet hade varit gl\u00e4djande. Inte f\u00f6r att det st\u00f6rde oss som deltog, spelgl\u00e4djen sprudlade. Distriktsm\u00e4staren Anders &hellip; <a href=\"https:\/\/www.nvssf.com\/forbundet\/distriktsmastare-korad-i-snabbschack\/\">Forts\u00e4tt l\u00e4sa <span class=\"meta-nav\">&rarr;<\/span><\/a><\/p>\n","protected":false},"author":2,"featured_media":0,"comment_status":"open","ping_status":"open","sticky":false,"template":"","format":"standard","meta":{"_acf_changed":false,"footnotes":""},"categories":[18,16],"tags":[41,47,42],"acf":[],"_links":{"self":[{"href":"https:\/\/www.nvssf.com\/forbundet\/wp-json\/wp\/v2\/posts\/10545"}],"collection":[{"href":"https:\/\/www.nvssf.com\/forbundet\/wp-json\/wp\/v2\/posts"}],"about":[{"href":"https:\/\/www.nvssf.com\/forbundet\/wp-json\/wp\/v2\/types\/post"}],"author":[{"embeddable":true,"href":"https:\/\/www.nvssf.com\/forbundet\/wp-json\/wp\/v2\/users\/2"}],"replies":[{"embeddable":true,"href":"https:\/\/www.nvssf.com\/forbundet\/wp-json\/wp\/v2\/comments?post=10545"}],"version-history":[{"count":1,"href":"https:\/\/www.nvssf.com\/forbundet\/wp-json\/wp\/v2\/posts\/10545\/revisions"}],"predecessor-version":[{"id":10551,"href":"https:\/\/www.nvssf.com\/forbundet\/wp-json\/wp\/v2\/posts\/10545\/revisions\/10551"}],"wp:attachment":[{"href":"https:\/\/www.nvssf.com\/forbundet\/wp-json\/wp\/v2\/media?parent=10545"}],"wp:term":[{"taxonomy":"category","embeddable":true,"href":"https:\/\/www.nvssf.com\/forbundet\/wp-json\/wp\/v2\/categories?post=10545"},{"taxonomy":"post_tag","embeddable":true,"href":"https:\/\/www.nvssf.com\/forbundet\/wp-json\/wp\/v2\/tags?post=10545"}],"curies":[{"name":"wp","href":"https:\/\/api.w.org\/{rel}","templated":true}]}}