{"id":10699,"date":"2021-11-24T17:26:51","date_gmt":"2021-11-24T16:26:51","guid":{"rendered":"http:\/\/www.nvssf.com\/forbundet\/?p=10699"},"modified":"2021-11-24T20:14:04","modified_gmt":"2021-11-24T19:14:04","slug":"vaccinationsbevis-kravs-for-deltagande-i-arets-malmo-msf-mobile-labs-open","status":"publish","type":"post","link":"https:\/\/www.nvssf.com\/forbundet\/vaccinationsbevis-kravs-for-deltagande-i-arets-malmo-msf-mobile-labs-open\/","title":{"rendered":"Vaccinationsbevis kr\u00e4vs f\u00f6r deltagande i \u00e5rets Malm\u00f6\/MSF Mobile Labs Open"},"content":{"rendered":"<p>Med anledning av Folh\u00e4lsomyndighetens och Regeringens riktlinjer som b\u00f6rjar g\u00e4lla ifr\u00e5n den 1:e december kommer f\u00f6ljande att g\u00e4lla f\u00f6r deltagande i Malm\u00f6\/Mobile Labs Open (17 &#8211; 19 december):<\/p>\n<ul>\n<li>Deltagare m\u00e5ste kunna uppvisa giltigt vaccinationsbevis (kan laddas<br \/>\nned eller skrivas ut via <a href=\"https:\/\/covidbevis.se\/vaccinationsbevis-web\/\" target=\"_blank\" rel=\"noopener\">https:\/\/covidbevis.se\/vaccinationsbevis-web\/<\/a>)f\u00f6r att f\u00e5 spela i Malm\u00f6\/MSF Mobile<br \/>\nLabs Open, 17-19\/12 2021. Vid allergi mot vaccinet eller dylikt kr\u00e4vs l\u00e4karintyg.<\/li>\n<li>Ungdom\/Barn under 18 \u00e5r beh\u00f6ver inte visa vaccinationsbevis.<\/li>\n<li>Utl\u00e4ndska medborgare som \u00f6nskar deltaga ska kunna uppvisa<br \/>\nvaccinationsbevis h\u00e4mtat fr\u00e5n sina respektive heml\u00e4nder.<\/li>\n<li>F\u00f6r att undvika k\u00f6er uppskattar vi om ni kommer i god tid f\u00f6re rond 1<br \/>\nstart (17\/12), senast 18.00, och uppvisar ert vaccinationsbevis. Entr\u00c3\u00a9n<br \/>\n\u00e4r \u00f6ppen fr\u00e5n 16.00.<\/li>\n<li>Vi undanber oss publik (ledare + f\u00f6r\u00e4ldrar undantagna, ska kunna visa<br \/>\ngiltigt vaccinationsbevis).<\/li>\n<li>Vid avanm\u00e4lan f\u00f6re turneringsstart (17\/12) \u00e5terbetalas startavgiften.<\/li>\n<li>Vi f\u00f6ljer utvecklingen noga (Folkh\u00e4lsomyndigheten) och kommer vid<br \/>\nbehov att uppdatera er med ytterligare nyheter.<\/li>\n<li>Fr\u00e5gor kan st\u00e4llas via mail till Malm\u00f6 Schackf\u00f6rbund,msf@telia.com,<br \/>\neller per telefon 040-150388.<\/li>\n<\/ul>\n","protected":false},"excerpt":{"rendered":"<p>Med anledning av Folh\u00e4lsomyndighetens och Regeringens riktlinjer som b\u00f6rjar g\u00e4lla ifr\u00e5n den 1:e december kommer f\u00f6ljande att g\u00e4lla f\u00f6r deltagande i Malm\u00f6\/Mobile Labs Open (17 &#8211; 19 december): Deltagare m\u00e5ste kunna uppvisa giltigt vaccinationsbevis (kan laddas ned eller skrivas ut &hellip; <a href=\"https:\/\/www.nvssf.com\/forbundet\/vaccinationsbevis-kravs-for-deltagande-i-arets-malmo-msf-mobile-labs-open\/\">Forts\u00e4tt l\u00e4sa <span class=\"meta-nav\">&rarr;<\/span><\/a><\/p>\n","protected":false},"author":2,"featured_media":0,"comment_status":"open","ping_status":"open","sticky":false,"template":"","format":"standard","meta":{"_acf_changed":false,"footnotes":""},"categories":[14],"tags":[],"acf":[],"_links":{"self":[{"href":"https:\/\/www.nvssf.com\/forbundet\/wp-json\/wp\/v2\/posts\/10699"}],"collection":[{"href":"https:\/\/www.nvssf.com\/forbundet\/wp-json\/wp\/v2\/posts"}],"about":[{"href":"https:\/\/www.nvssf.com\/forbundet\/wp-json\/wp\/v2\/types\/post"}],"author":[{"embeddable":true,"href":"https:\/\/www.nvssf.com\/forbundet\/wp-json\/wp\/v2\/users\/2"}],"replies":[{"embeddable":true,"href":"https:\/\/www.nvssf.com\/forbundet\/wp-json\/wp\/v2\/comments?post=10699"}],"version-history":[{"count":1,"href":"https:\/\/www.nvssf.com\/forbundet\/wp-json\/wp\/v2\/posts\/10699\/revisions"}],"predecessor-version":[{"id":10702,"href":"https:\/\/www.nvssf.com\/forbundet\/wp-json\/wp\/v2\/posts\/10699\/revisions\/10702"}],"wp:attachment":[{"href":"https:\/\/www.nvssf.com\/forbundet\/wp-json\/wp\/v2\/media?parent=10699"}],"wp:term":[{"taxonomy":"category","embeddable":true,"href":"https:\/\/www.nvssf.com\/forbundet\/wp-json\/wp\/v2\/categories?post=10699"},{"taxonomy":"post_tag","embeddable":true,"href":"https:\/\/www.nvssf.com\/forbundet\/wp-json\/wp\/v2\/tags?post=10699"}],"curies":[{"name":"wp","href":"https:\/\/api.w.org\/{rel}","templated":true}]}}