{"id":10734,"date":"2021-12-13T10:17:13","date_gmt":"2021-12-13T09:17:13","guid":{"rendered":"http:\/\/www.nvssf.com\/forbundet\/?p=10734"},"modified":"2021-12-13T10:52:16","modified_gmt":"2021-12-13T09:52:16","slug":"14-nordvastskaningar-anmalda-till-malmo-open","status":"publish","type":"post","link":"https:\/\/www.nvssf.com\/forbundet\/14-nordvastskaningar-anmalda-till-malmo-open\/","title":{"rendered":"14 nordv\u00e4stsk\u00e5ningar anm\u00e4lda till Malm\u00f6 Open"},"content":{"rendered":"<p><a href=\"https:\/\/www.nvssf.com\/forbundet\/wp-content\/uploads\/2021\/12\/MalmoLoggamini.png\"><img loading=\"lazy\" decoding=\"async\" class=\"aligncenter size-full wp-image-10736\" src=\"https:\/\/www.nvssf.com\/forbundet\/wp-content\/uploads\/2021\/12\/MalmoLoggamini.png\" alt=\"\" width=\"300\" height=\"86\" srcset=\"https:\/\/www.nvssf.com\/forbundet\/wp-content\/uploads\/2021\/12\/MalmoLoggamini.png 300w, https:\/\/www.nvssf.com\/forbundet\/wp-content\/uploads\/2021\/12\/MalmoLoggamini-150x43.png 150w\" sizes=\"(max-width: 300px) 100vw, 300px\" \/><\/a><\/p>\n<p>Nu p\u00e5 fredag den 17 december startar <a href=\"http:\/\/www.schack.se\/svenskt-grand-prix\/\" target=\"_blank\" rel=\"noopener\">GP-t\u00e4vlingen<\/a> Malm\u00f6 Open och MSF Mobile Labs Open (f\u00f6r spelare med mindre \u00e4n 1600 i ranking). Klockan 18.30 fredag kv\u00e4ll dras de f\u00f6rsta dragen i \u00e5rets upplaga av t\u00e4vlingen.<\/p>\n<p>Denna g\u00e5ng \u00e4r f\u00f6ruts\u00e4ttningarna f\u00f6r t\u00e4vlingen lite speciella i och med att det kr\u00e4vs vaccinationsbevis f\u00f6r alla \u00f6ver 18 \u00e5r f\u00f6r att f\u00e5 delta. Till er som ska vara med l\u00e4s g\u00e4rna igenom denna viktiga info som finns p\u00e5 turneringens hemsida: <a href=\"https:\/\/www.malmoschack.se\/malmoopen\/?p=1720\" target=\"_blank\" rel=\"noopener\">https:\/\/www.malmoschack.se\/malmoopen\/?p=1720<\/a><\/p>\n<p>H\u00f6gst rankad<!--more--> av alla som har anm\u00e4lt sig till Malm\u00f6 Open \u00e4r Tiger Hillarp Persson som representerar V\u00e4xj\u00f6 SK. I MSF Mobile Labs Open \u00e4r Joel Storme ifr\u00e5n G\u00f6teborgsklubben SS Manhem h\u00f6gst rankad. H\u00f6gst rankad bland de deltagande nordv\u00e4stsk\u00e5ningarna \u00e4r IM K\u00e5re Hove Kristensen,Helsingborgs ASK.<\/p>\n<h3>F\u00f6rhandsanm\u00e4lda nordv\u00e4stsk\u00e5ningar<\/h3>\n<pre>Malm\u00f6 Open\r\n==========\r\nK\u00e5re Hove Kristensen\tHelsingborgs ASK        2328\r\nMika Sj\u00f6holm\t        Helsingborgs SS\t\t1840\r\nAnders Nilsson\t        Helsingborgs ASK        2232\r\nEsad Kahriman\t        Landskrona SK\t\t1755\r\nSejfo Agovic\t        Helsingborgs SS\t\t1778\r\nGert Lyngsj\u00f6\t        Landskrona SK\t\t1768\r\nValentin Derdic\t        Helsingborgs ASK\t1852\r\nMajed Fakhr Eldin\tHelsingborgs ASK\t1605\r\nStefan H\u00e5kansson\tHelsingborgs ASK\t2066\r\nAndreas Elsner\t        Helsingborgs ASK\t1643\r\nGhayth Tabaa\t        Helsingborgs ASK\t2068\r\n\r\nMSF Mobile Labs Open\r\n====================\r\nStefan Lupeskovic\tHelsingborgs ASK\t1470\r\nNiels Henriksen\t        Helsingborgs ASK\t0\r\nAlex Henriksen\t        Helsingborgs ASK\t0\r\n<\/pre>\n","protected":false},"excerpt":{"rendered":"<p>Nu p\u00e5 fredag den 17 december startar GP-t\u00e4vlingen Malm\u00f6 Open och MSF Mobile Labs Open (f\u00f6r spelare med mindre \u00e4n 1600 i ranking). Klockan 18.30 fredag kv\u00e4ll dras de f\u00f6rsta dragen i \u00e5rets upplaga av t\u00e4vlingen. Denna g\u00e5ng \u00e4r f\u00f6ruts\u00e4ttningarna &hellip; <a href=\"https:\/\/www.nvssf.com\/forbundet\/14-nordvastskaningar-anmalda-till-malmo-open\/\">Forts\u00e4tt l\u00e4sa <span class=\"meta-nav\">&rarr;<\/span><\/a><\/p>\n","protected":false},"author":2,"featured_media":0,"comment_status":"open","ping_status":"open","sticky":false,"template":"","format":"standard","meta":{"_acf_changed":false,"footnotes":""},"categories":[14,91],"tags":[],"acf":[],"_links":{"self":[{"href":"https:\/\/www.nvssf.com\/forbundet\/wp-json\/wp\/v2\/posts\/10734"}],"collection":[{"href":"https:\/\/www.nvssf.com\/forbundet\/wp-json\/wp\/v2\/posts"}],"about":[{"href":"https:\/\/www.nvssf.com\/forbundet\/wp-json\/wp\/v2\/types\/post"}],"author":[{"embeddable":true,"href":"https:\/\/www.nvssf.com\/forbundet\/wp-json\/wp\/v2\/users\/2"}],"replies":[{"embeddable":true,"href":"https:\/\/www.nvssf.com\/forbundet\/wp-json\/wp\/v2\/comments?post=10734"}],"version-history":[{"count":1,"href":"https:\/\/www.nvssf.com\/forbundet\/wp-json\/wp\/v2\/posts\/10734\/revisions"}],"predecessor-version":[{"id":10738,"href":"https:\/\/www.nvssf.com\/forbundet\/wp-json\/wp\/v2\/posts\/10734\/revisions\/10738"}],"wp:attachment":[{"href":"https:\/\/www.nvssf.com\/forbundet\/wp-json\/wp\/v2\/media?parent=10734"}],"wp:term":[{"taxonomy":"category","embeddable":true,"href":"https:\/\/www.nvssf.com\/forbundet\/wp-json\/wp\/v2\/categories?post=10734"},{"taxonomy":"post_tag","embeddable":true,"href":"https:\/\/www.nvssf.com\/forbundet\/wp-json\/wp\/v2\/tags?post=10734"}],"curies":[{"name":"wp","href":"https:\/\/api.w.org\/{rel}","templated":true}]}}