{"id":11221,"date":"2022-02-10T08:44:58","date_gmt":"2022-02-10T07:44:58","guid":{"rendered":"http:\/\/www.nvssf.com\/forbundet\/?p=11221"},"modified":"2022-02-10T08:44:58","modified_gmt":"2022-02-10T07:44:58","slug":"damallsvenskan-2022","status":"publish","type":"post","link":"https:\/\/www.nvssf.com\/forbundet\/damallsvenskan-2022\/","title":{"rendered":"Damallsvenskan 2022"},"content":{"rendered":"<p><a href=\"https:\/\/www.nvssf.com\/forbundet\/wp-content\/uploads\/2016\/05\/ssf_small.gif\"><img loading=\"lazy\" decoding=\"async\" class=\"alignleft size-full wp-image-2995\" src=\"https:\/\/www.nvssf.com\/forbundet\/wp-content\/uploads\/2016\/05\/ssf_small.gif\" alt=\"\" width=\"113\" height=\"114\" \/><\/a>P\u00e5 <a href=\"https:\/\/schack.se\/wp-content\/uploads\/2022\/01\/Agenda-distriktskonferens-2022.pdf\" target=\"_blank\" rel=\"noopener\">distriktskonferensen<\/a> som h\u00f6lls digitalt i l\u00f6rdags (den 5:e februari) informerades det om att en Damallsvenska ska spelas i september.<\/p>\n<p>T\u00e4vlingen kommer att spelas med lag som kommer att best\u00e5 av fyra spelare. Spelarna beh\u00f6ver inte tillh\u00f6ra samma klubb. Mer info kommer senare.<\/p>\n","protected":false},"excerpt":{"rendered":"<p>P\u00e5 distriktskonferensen som h\u00f6lls digitalt i l\u00f6rdags (den 5:e februari) informerades det om att en Damallsvenska ska spelas i september. T\u00e4vlingen kommer att spelas med lag som kommer att best\u00e5 av fyra spelare. Spelarna beh\u00f6ver inte tillh\u00f6ra samma klubb. Mer &hellip; <a href=\"https:\/\/www.nvssf.com\/forbundet\/damallsvenskan-2022\/\">Forts\u00e4tt l\u00e4sa <span class=\"meta-nav\">&rarr;<\/span><\/a><\/p>\n","protected":false},"author":2,"featured_media":0,"comment_status":"open","ping_status":"open","sticky":false,"template":"","format":"standard","meta":{"_acf_changed":false,"footnotes":""},"categories":[13,70],"tags":[143],"acf":[],"_links":{"self":[{"href":"https:\/\/www.nvssf.com\/forbundet\/wp-json\/wp\/v2\/posts\/11221"}],"collection":[{"href":"https:\/\/www.nvssf.com\/forbundet\/wp-json\/wp\/v2\/posts"}],"about":[{"href":"https:\/\/www.nvssf.com\/forbundet\/wp-json\/wp\/v2\/types\/post"}],"author":[{"embeddable":true,"href":"https:\/\/www.nvssf.com\/forbundet\/wp-json\/wp\/v2\/users\/2"}],"replies":[{"embeddable":true,"href":"https:\/\/www.nvssf.com\/forbundet\/wp-json\/wp\/v2\/comments?post=11221"}],"version-history":[{"count":1,"href":"https:\/\/www.nvssf.com\/forbundet\/wp-json\/wp\/v2\/posts\/11221\/revisions"}],"predecessor-version":[{"id":11222,"href":"https:\/\/www.nvssf.com\/forbundet\/wp-json\/wp\/v2\/posts\/11221\/revisions\/11222"}],"wp:attachment":[{"href":"https:\/\/www.nvssf.com\/forbundet\/wp-json\/wp\/v2\/media?parent=11221"}],"wp:term":[{"taxonomy":"category","embeddable":true,"href":"https:\/\/www.nvssf.com\/forbundet\/wp-json\/wp\/v2\/categories?post=11221"},{"taxonomy":"post_tag","embeddable":true,"href":"https:\/\/www.nvssf.com\/forbundet\/wp-json\/wp\/v2\/tags?post=11221"}],"curies":[{"name":"wp","href":"https:\/\/api.w.org\/{rel}","templated":true}]}}