{"id":11545,"date":"2022-04-30T12:41:22","date_gmt":"2022-04-30T10:41:22","guid":{"rendered":"https:\/\/www.nvssf.com\/forbundet\/?p=11545"},"modified":"2022-04-30T12:41:22","modified_gmt":"2022-04-30T10:41:22","slug":"pa-tisdag-smaller-det","status":"publish","type":"post","link":"https:\/\/www.nvssf.com\/forbundet\/pa-tisdag-smaller-det\/","title":{"rendered":"P\u00e5 tisdag sm\u00e4ller det!"},"content":{"rendered":"<p><a href=\"https:\/\/www.nvssf.com\/forbundet\/wp-content\/uploads\/2022\/04\/tepe_sigeman_logotype2022-158x300-1.png\"><img loading=\"lazy\" decoding=\"async\" class=\"alignleft size-full wp-image-11547\" src=\"https:\/\/www.nvssf.com\/forbundet\/wp-content\/uploads\/2022\/04\/tepe_sigeman_logotype2022-158x300-1.png\" alt=\"\" width=\"158\" height=\"300\" srcset=\"https:\/\/www.nvssf.com\/forbundet\/wp-content\/uploads\/2022\/04\/tepe_sigeman_logotype2022-158x300-1.png 158w, https:\/\/www.nvssf.com\/forbundet\/wp-content\/uploads\/2022\/04\/tepe_sigeman_logotype2022-158x300-1-79x150.png 79w\" sizes=\"(max-width: 158px) 100vw, 158px\" \/><\/a>D\u00e5 var det dags igen, p\u00e5 tisdag den 3:e maj kl 15.00 dras de f\u00f6rsta dragen i svenskt schacks flaggskepp: <a href=\"https:\/\/www.tepesigemanchess.com\/\" target=\"_blank\" rel=\"noopener\">Tepe Sigeman &amp; Co Chess Tournament.<\/a><\/p>\n<p>Nu \u00e4r turneringen tillbaka p\u00e5 Malm\u00f6 Live som ligger centralt i Malm\u00f6 och ett stenkast ifr\u00e5n Malm\u00f6 C.<\/p>\n<p>&nbsp;<\/p>\n<p>&nbsp;<\/p>\n<p>&nbsp;<\/p>\n<p>&nbsp;<\/p>\n<p>I \u00e5r har f\u00f6ljande spelare (samtliga Storm\u00e4stare) bjudits in:<\/p>\n<ol>\n<li>Jorden Van Foreest, Holland E2714<\/li>\n<li>Michael Adams, England E2698<\/li>\n<li>David Navara, Tjeckien E2693<\/li>\n<li>Alexei Shirov, Spanien E2693<\/li>\n<li>Saleh Salem, F\u00f6renade Arabemiraten E2690<\/li>\n<li>Arjun Erigaisi, Indien E2675<\/li>\n<li>Nils Grandelius, Sverige E2656<\/li>\n<li>Hans Niemann, USA E2637<\/li>\n<\/ol>\n<p>Observera att det kommer en ny elolista imorgon, d\u00e5 kan man f\u00f6rv\u00e4nta sig en del f\u00f6r\u00e4ndringar av spelarnas rankingtal.<\/p>\n<p>F\u00f6lj t\u00e4vlingen p\u00e5 plats i Malm\u00f6, det finns expertkommentatorer som kommenterar partierna f\u00f6r publiken; GM Stellan Brynell och GM Erwin l&#8217;Ami. Sj\u00e4lvfallet g\u00e5r det \u00e4ven att f\u00f6lja partierna och kommentatorerna online. Jag rekommenderar <a href=\"https:\/\/chess24.com\/en\/watch\/live-tournaments\/tepe-sigeman-chess-tournament-2022#live\" target=\"_blank\" rel=\"noopener\">Chess24<\/a> som \u00e4r turneringens officiella online-partner.<\/p>\n<p>Sista ronden spelas m\u00e5ndagen den 9:e maj. Vem kommer d\u00e5 att st\u00e5 som turneringsvinnare? Jag sticker ut hakan och tippar Indiern Arjun Erigaisi.<\/p>\n","protected":false},"excerpt":{"rendered":"<p>D\u00e5 var det dags igen, p\u00e5 tisdag den 3:e maj kl 15.00 dras de f\u00f6rsta dragen i svenskt schacks flaggskepp: Tepe Sigeman &amp; Co Chess Tournament. Nu \u00e4r turneringen tillbaka p\u00e5 Malm\u00f6 Live som ligger centralt i Malm\u00f6 och ett &hellip; <a href=\"https:\/\/www.nvssf.com\/forbundet\/pa-tisdag-smaller-det\/\">Forts\u00e4tt l\u00e4sa <span class=\"meta-nav\">&rarr;<\/span><\/a><\/p>\n","protected":false},"author":2,"featured_media":0,"comment_status":"open","ping_status":"open","sticky":false,"template":"","format":"standard","meta":{"_acf_changed":false,"footnotes":""},"categories":[15,14],"tags":[],"acf":[],"_links":{"self":[{"href":"https:\/\/www.nvssf.com\/forbundet\/wp-json\/wp\/v2\/posts\/11545"}],"collection":[{"href":"https:\/\/www.nvssf.com\/forbundet\/wp-json\/wp\/v2\/posts"}],"about":[{"href":"https:\/\/www.nvssf.com\/forbundet\/wp-json\/wp\/v2\/types\/post"}],"author":[{"embeddable":true,"href":"https:\/\/www.nvssf.com\/forbundet\/wp-json\/wp\/v2\/users\/2"}],"replies":[{"embeddable":true,"href":"https:\/\/www.nvssf.com\/forbundet\/wp-json\/wp\/v2\/comments?post=11545"}],"version-history":[{"count":1,"href":"https:\/\/www.nvssf.com\/forbundet\/wp-json\/wp\/v2\/posts\/11545\/revisions"}],"predecessor-version":[{"id":11549,"href":"https:\/\/www.nvssf.com\/forbundet\/wp-json\/wp\/v2\/posts\/11545\/revisions\/11549"}],"wp:attachment":[{"href":"https:\/\/www.nvssf.com\/forbundet\/wp-json\/wp\/v2\/media?parent=11545"}],"wp:term":[{"taxonomy":"category","embeddable":true,"href":"https:\/\/www.nvssf.com\/forbundet\/wp-json\/wp\/v2\/categories?post=11545"},{"taxonomy":"post_tag","embeddable":true,"href":"https:\/\/www.nvssf.com\/forbundet\/wp-json\/wp\/v2\/tags?post=11545"}],"curies":[{"name":"wp","href":"https:\/\/api.w.org\/{rel}","templated":true}]}}