{"id":11799,"date":"2022-07-22T10:44:40","date_gmt":"2022-07-22T08:44:40","guid":{"rendered":"https:\/\/www.nvssf.com\/forbundet\/?p=11799"},"modified":"2022-07-22T10:48:58","modified_gmt":"2022-07-22T08:48:58","slug":"2-halv-svenskar-och-tva-danska-turneringar","status":"publish","type":"post","link":"https:\/\/www.nvssf.com\/forbundet\/2-halv-svenskar-och-tva-danska-turneringar\/","title":{"rendered":"2\u00bd Svenskar och tv\u00e5 danska turneringar"},"content":{"rendered":"<p>Tre nordv\u00e4stsk\u00e5ningar har deltagit i turneringar i Danmark under juli m\u00e5nad.<\/p>\n<div id=\"attachment_11803\" style=\"width: 263px\" class=\"wp-caption alignleft\"><a href=\"https:\/\/www.nvssf.com\/forbundet\/wp-content\/uploads\/2022\/07\/Sandbech2021DMedited.jpg\"><img loading=\"lazy\" decoding=\"async\" aria-describedby=\"caption-attachment-11803\" class=\"size-full wp-image-11803\" src=\"https:\/\/www.nvssf.com\/forbundet\/wp-content\/uploads\/2022\/07\/Sandbech2021DMedited.jpg\" alt=\"\" width=\"253\" height=\"736\" srcset=\"https:\/\/www.nvssf.com\/forbundet\/wp-content\/uploads\/2022\/07\/Sandbech2021DMedited.jpg 253w, https:\/\/www.nvssf.com\/forbundet\/wp-content\/uploads\/2022\/07\/Sandbech2021DMedited-103x300.jpg 103w, https:\/\/www.nvssf.com\/forbundet\/wp-content\/uploads\/2022\/07\/Sandbech2021DMedited-52x150.jpg 52w\" sizes=\"(max-width: 253px) 100vw, 253px\" \/><\/a><p id=\"caption-attachment-11803\" class=\"wp-caption-text\">Ted Sandbech. Bilden \u00e4r ifr\u00e5n ett tidigare tillf\u00e4lle.<br \/>Foto: Lars Persson (bilden \u00e4r beskuren)<\/p><\/div>\n<p>F\u00f6rst ut var den ifr\u00e5n Danmark b\u00f6rdige Ted Sandbech som numera bor i Klippan och spelar f\u00f6r Klippans SK och Helsingborgs SS (sekund\u00e4r medlem). Han spelade med i <a href=\"https:\/\/turnering.skak.dk\/TournamentActive\/Details?tourId=26759\" target=\"_blank\" rel=\"noopener\">3. K\u00d8GE LANG JUBIL\u00c6UMS WEEKEND<\/a> den 5 &#8211; 10 juli. Ted gjorde en mycket bra turnering, han vann n\u00e4mligen grupp 3!<\/p>\n<p>N\u00e4sta turnering f\u00f6r Sandbech blev <a href=\"https:\/\/turnering.skak.dk\/TournamentActive\/Details?tourId=27399\" target=\"_blank\" rel=\"noopener\">\u00d8BRO Sommerskak<\/a> (14 &#8211; 17 juli). I denna t\u00e4vling fick han s\u00e4llskap av ytterligare tv\u00e5 nordv\u00e4stsk\u00e5ningar, Anders Nilsson och Staffan Thomasson. B\u00e4gge spelar f\u00f6r Helsingborgs ASK.<\/p>\n<p>Anders Nilsson spelade i grupp 1 och slutade p\u00e5 10 &#8211; 13 plats bland de 22 deltagarna.<\/p>\n<p>I grupp 2 slutade Staffan Thomasson p\u00e5 plats 5 &#8211; 11 medans Sandbech hamnade p\u00e5 15:e plats. \u00c4ven denna grupp hade 22 deltagare.<\/p>\n<p>F\u00f6r \u00f6vrigt s\u00e5 kan det vara v\u00e4rt att n\u00e4mna att Storm\u00e4staren Carsten H\u00f8i deltog i K\u00f6ge lang weekend. Han spelade i grupp 1 och slutade p\u00e5 2:a plats. Den kommande s\u00e4songen kommer han att spela f\u00f6r Helsingborgs ASK s\u00e5 han \u00e4r ocks\u00e5 en nordv\u00e4stsk\u00e5nsk spelare.<\/p>\n<p>&nbsp;<\/p>\n","protected":false},"excerpt":{"rendered":"<p>Tre nordv\u00e4stsk\u00e5ningar har deltagit i turneringar i Danmark under juli m\u00e5nad. F\u00f6rst ut var den ifr\u00e5n Danmark b\u00f6rdige Ted Sandbech som numera bor i Klippan och spelar f\u00f6r Klippans SK och Helsingborgs SS (sekund\u00e4r medlem). Han spelade med i 3. &hellip; <a href=\"https:\/\/www.nvssf.com\/forbundet\/2-halv-svenskar-och-tva-danska-turneringar\/\">Forts\u00e4tt l\u00e4sa <span class=\"meta-nav\">&rarr;<\/span><\/a><\/p>\n","protected":false},"author":2,"featured_media":0,"comment_status":"open","ping_status":"open","sticky":false,"template":"","format":"standard","meta":{"_acf_changed":false,"footnotes":""},"categories":[15],"tags":[],"acf":[],"_links":{"self":[{"href":"https:\/\/www.nvssf.com\/forbundet\/wp-json\/wp\/v2\/posts\/11799"}],"collection":[{"href":"https:\/\/www.nvssf.com\/forbundet\/wp-json\/wp\/v2\/posts"}],"about":[{"href":"https:\/\/www.nvssf.com\/forbundet\/wp-json\/wp\/v2\/types\/post"}],"author":[{"embeddable":true,"href":"https:\/\/www.nvssf.com\/forbundet\/wp-json\/wp\/v2\/users\/2"}],"replies":[{"embeddable":true,"href":"https:\/\/www.nvssf.com\/forbundet\/wp-json\/wp\/v2\/comments?post=11799"}],"version-history":[{"count":5,"href":"https:\/\/www.nvssf.com\/forbundet\/wp-json\/wp\/v2\/posts\/11799\/revisions"}],"predecessor-version":[{"id":11805,"href":"https:\/\/www.nvssf.com\/forbundet\/wp-json\/wp\/v2\/posts\/11799\/revisions\/11805"}],"wp:attachment":[{"href":"https:\/\/www.nvssf.com\/forbundet\/wp-json\/wp\/v2\/media?parent=11799"}],"wp:term":[{"taxonomy":"category","embeddable":true,"href":"https:\/\/www.nvssf.com\/forbundet\/wp-json\/wp\/v2\/categories?post=11799"},{"taxonomy":"post_tag","embeddable":true,"href":"https:\/\/www.nvssf.com\/forbundet\/wp-json\/wp\/v2\/tags?post=11799"}],"curies":[{"name":"wp","href":"https:\/\/api.w.org\/{rel}","templated":true}]}}