{"id":11879,"date":"2022-08-20T11:54:08","date_gmt":"2022-08-20T09:54:08","guid":{"rendered":"http:\/\/www.nvssf.com\/forbundet\/?p=11879"},"modified":"2022-08-20T22:30:03","modified_gmt":"2022-08-20T20:30:03","slug":"international-chess-holiday-2022-i-prag","status":"publish","type":"post","link":"https:\/\/www.nvssf.com\/forbundet\/international-chess-holiday-2022-i-prag\/","title":{"rendered":"International Chess Holiday 2022 i Prag"},"content":{"rendered":"<p>Under 2 veckor spelades \u00e5rets upplaga av <a href=\"http:\/\/www.schach-prag.cz\/en\/index.html\" target=\"_blank\" rel=\"noopener\">International Chess Holiday<\/a>. Staffan Thomasson,Helsingborgs ASK deltog i h\u00f6gsta gruppen, <a href=\"http:\/\/chess-results.com\/tnr659744.aspx?lan=6&amp;art=1&amp;turdet=YES\" target=\"_blank\" rel=\"noopener\">M1<\/a>, under vecka 1. En tuff grupp d\u00e4r Staffan var l\u00e4gst rankad. Han fick n\u00f6ja sig med 1 po\u00e4ng och sista plats.<\/p>\n<p>Peter Dalling,Engelholms SK spelade en <a href=\"http:\/\/chess-results.com\/tnr661497.aspx?lan=6&amp;art=1&amp;turdet=YES\" target=\"_blank\" rel=\"noopener\">snabbschacks t\u00e4vling<\/a> vecka 2. Han hamnade p\u00e5 6:e plats bland de 16 deltagarna. I samma t\u00e4vling kom Walter Steffert,Skromberga ASS p\u00e5 14:e plats.<\/p>\n","protected":false},"excerpt":{"rendered":"<p>Under 2 veckor spelades \u00e5rets upplaga av International Chess Holiday. Staffan Thomasson,Helsingborgs ASK deltog i h\u00f6gsta gruppen, M1, under vecka 1. En tuff grupp d\u00e4r Staffan var l\u00e4gst rankad. Han fick n\u00f6ja sig med 1 po\u00e4ng och sista plats. Peter &hellip; <a href=\"https:\/\/www.nvssf.com\/forbundet\/international-chess-holiday-2022-i-prag\/\">Forts\u00e4tt l\u00e4sa <span class=\"meta-nav\">&rarr;<\/span><\/a><\/p>\n","protected":false},"author":2,"featured_media":0,"comment_status":"open","ping_status":"open","sticky":false,"template":"","format":"standard","meta":{"_acf_changed":false,"footnotes":""},"categories":[15],"tags":[46,41,154,42,155,156],"acf":[],"_links":{"self":[{"href":"https:\/\/www.nvssf.com\/forbundet\/wp-json\/wp\/v2\/posts\/11879"}],"collection":[{"href":"https:\/\/www.nvssf.com\/forbundet\/wp-json\/wp\/v2\/posts"}],"about":[{"href":"https:\/\/www.nvssf.com\/forbundet\/wp-json\/wp\/v2\/types\/post"}],"author":[{"embeddable":true,"href":"https:\/\/www.nvssf.com\/forbundet\/wp-json\/wp\/v2\/users\/2"}],"replies":[{"embeddable":true,"href":"https:\/\/www.nvssf.com\/forbundet\/wp-json\/wp\/v2\/comments?post=11879"}],"version-history":[{"count":3,"href":"https:\/\/www.nvssf.com\/forbundet\/wp-json\/wp\/v2\/posts\/11879\/revisions"}],"predecessor-version":[{"id":11882,"href":"https:\/\/www.nvssf.com\/forbundet\/wp-json\/wp\/v2\/posts\/11879\/revisions\/11882"}],"wp:attachment":[{"href":"https:\/\/www.nvssf.com\/forbundet\/wp-json\/wp\/v2\/media?parent=11879"}],"wp:term":[{"taxonomy":"category","embeddable":true,"href":"https:\/\/www.nvssf.com\/forbundet\/wp-json\/wp\/v2\/categories?post=11879"},{"taxonomy":"post_tag","embeddable":true,"href":"https:\/\/www.nvssf.com\/forbundet\/wp-json\/wp\/v2\/tags?post=11879"}],"curies":[{"name":"wp","href":"https:\/\/api.w.org\/{rel}","templated":true}]}}