{"id":11955,"date":"2022-08-27T10:14:03","date_gmt":"2022-08-27T08:14:03","guid":{"rendered":"http:\/\/www.nvssf.com\/forbundet\/?p=11955"},"modified":"2023-04-10T08:34:40","modified_gmt":"2023-04-10T06:34:40","slug":"kadettallsvenskan-2022","status":"publish","type":"post","link":"https:\/\/www.nvssf.com\/forbundet\/kadettallsvenskan-2022\/","title":{"rendered":"Kadettallsvenskan 2022"},"content":{"rendered":"<p><a href=\"https:\/\/www.nvssf.com\/forbundet\/wp-content\/uploads\/2016\/05\/ssf_small.gif\"><img loading=\"lazy\" decoding=\"async\" class=\"alignleft size-full wp-image-2995\" src=\"https:\/\/www.nvssf.com\/forbundet\/wp-content\/uploads\/2016\/05\/ssf_small.gif\" alt=\"\" width=\"113\" height=\"114\" \/><\/a>\u00c5rets Kadettallsvenska kommer att spelas p\u00e5 H\u00e4gerstens\u00e5sens Medborgarhus den 24-25 september. L\u00e4s <span class=\"removed_link\" title=\"https:\/\/www.nvssf.com\/forbundet\/wp-content\/uploads\/2022\/08\/Kadettallsvenskan-new-2022.pdf\">inbjudan<\/span> f\u00f6r all n\u00f6dv\u00e4ndig info. Kolla g\u00e4rna in t\u00e4vlingens <a href=\"https:\/\/schack.se\/tavlingar\/ungdomstavlingar\/kadettallsvenskan\/\" target=\"_blank\" rel=\"noopener\">hemsida<\/a> ocks\u00e5.<\/p>\n","protected":false},"excerpt":{"rendered":"<p>\u00c5rets Kadettallsvenska kommer att spelas p\u00e5 H\u00e4gerstens\u00e5sens Medborgarhus den 24-25 september. L\u00e4s inbjudan f\u00f6r all n\u00f6dv\u00e4ndig info. Kolla g\u00e4rna in t\u00e4vlingens hemsida ocks\u00e5.<\/p>\n","protected":false},"author":2,"featured_media":0,"comment_status":"open","ping_status":"open","sticky":false,"template":"","format":"standard","meta":{"_acf_changed":false,"footnotes":""},"categories":[9,14],"tags":[159,71],"acf":[],"_links":{"self":[{"href":"https:\/\/www.nvssf.com\/forbundet\/wp-json\/wp\/v2\/posts\/11955"}],"collection":[{"href":"https:\/\/www.nvssf.com\/forbundet\/wp-json\/wp\/v2\/posts"}],"about":[{"href":"https:\/\/www.nvssf.com\/forbundet\/wp-json\/wp\/v2\/types\/post"}],"author":[{"embeddable":true,"href":"https:\/\/www.nvssf.com\/forbundet\/wp-json\/wp\/v2\/users\/2"}],"replies":[{"embeddable":true,"href":"https:\/\/www.nvssf.com\/forbundet\/wp-json\/wp\/v2\/comments?post=11955"}],"version-history":[{"count":3,"href":"https:\/\/www.nvssf.com\/forbundet\/wp-json\/wp\/v2\/posts\/11955\/revisions"}],"predecessor-version":[{"id":12923,"href":"https:\/\/www.nvssf.com\/forbundet\/wp-json\/wp\/v2\/posts\/11955\/revisions\/12923"}],"wp:attachment":[{"href":"https:\/\/www.nvssf.com\/forbundet\/wp-json\/wp\/v2\/media?parent=11955"}],"wp:term":[{"taxonomy":"category","embeddable":true,"href":"https:\/\/www.nvssf.com\/forbundet\/wp-json\/wp\/v2\/categories?post=11955"},{"taxonomy":"post_tag","embeddable":true,"href":"https:\/\/www.nvssf.com\/forbundet\/wp-json\/wp\/v2\/tags?post=11955"}],"curies":[{"name":"wp","href":"https:\/\/api.w.org\/{rel}","templated":true}]}}