{"id":12301,"date":"2022-11-28T12:16:01","date_gmt":"2022-11-28T11:16:01","guid":{"rendered":"https:\/\/www.nvssf.com\/forbundet\/?p=12301"},"modified":"2022-11-29T09:24:24","modified_gmt":"2022-11-29T08:24:24","slug":"mikael-svensson-aterigen-landskronamastare","status":"publish","type":"post","link":"https:\/\/www.nvssf.com\/forbundet\/mikael-svensson-aterigen-landskronamastare\/","title":{"rendered":"Mikael Svensson \u00e5terigen Landskronam\u00e4stare"},"content":{"rendered":"<p>Med \u00e5terigen menas i detta sammanhang den 19:e g\u00e5ngen. Tretton spelare f\u00f6rs\u00f6kte f\u00f6rg\u00e4ves detronisera Mikael i \u00e5rets m\u00e4sterskap.<\/p>\n<h3>Tabell<\/h3>\n<p><a href=\"https:\/\/www.nvssf.com\/forbundet\/wp-content\/uploads\/2022\/11\/webbTabellLM2022.jpg\"><img loading=\"lazy\" decoding=\"async\" class=\"alignleft size-full wp-image-12299\" src=\"https:\/\/www.nvssf.com\/forbundet\/wp-content\/uploads\/2022\/11\/webbTabellLM2022.jpg\" alt=\"\" width=\"575\" height=\"237\" \/><\/a><\/p>\n<p>Den som b\u00e4st kan ber\u00e4tta om Landskronam\u00e4sterskapet \u00e4r ju vinnaren sj\u00e4lv: <strong>Mikael Svensson<\/strong>. F\u00f6ljande text har<!--more--> undertecknad tagit ifr\u00e5n Facebook.<\/p>\n<blockquote><p>Denna vandringspokal \u00e4r sen m\u00e5nga \u00e5r tillbaka full men f\u00e5r \u00e4nd\u00e5 symbolisera vinsten, n\u00e4r det idag stod klart att jag vann f\u00f6r 19:e g\u00e5ngen. Det jag \u00e4r mest stolt \u00f6ver \u00e4r att jag lyckats h\u00e5lla mig motiverad under alla \u00e5r. Jag m\u00e5 vara favorit att vinna nuf\u00f6rtiden (\u00e4ven om det \u00e4r l\u00e4tt att gl\u00f6mma att s\u00e5 verkligen inte var fallet de f\u00f6rsta g\u00e5ngerna), men t\u00e4vlingen varar hela h\u00f6sten och jag har lagt ner mycket tid och energi genom \u00e5ren. Och mina klubbkamrater utmanar mig h\u00e5rt varje \u00e5r, det g\u00e5r aldrig att ta det f\u00f6r givet.<\/p><\/blockquote>\n<div id=\"attachment_12300\" style=\"width: 610px\" class=\"wp-caption alignleft\"><a href=\"https:\/\/www.nvssf.com\/forbundet\/wp-content\/uploads\/2022\/11\/webbPokalLandskronaMasterskapet.jpg\"><img loading=\"lazy\" decoding=\"async\" aria-describedby=\"caption-attachment-12300\" class=\"size-full wp-image-12300\" src=\"https:\/\/www.nvssf.com\/forbundet\/wp-content\/uploads\/2022\/11\/webbPokalLandskronaMasterskapet.jpg\" alt=\"\" width=\"600\" height=\"900\" \/><\/a><p id=\"caption-attachment-12300\" class=\"wp-caption-text\">Vandringspokalen. Foto: Mikael Svensson<\/p><\/div>\n","protected":false},"excerpt":{"rendered":"<p>Med \u00e5terigen menas i detta sammanhang den 19:e g\u00e5ngen. Tretton spelare f\u00f6rs\u00f6kte f\u00f6rg\u00e4ves detronisera Mikael i \u00e5rets m\u00e4sterskap. Tabell Den som b\u00e4st kan ber\u00e4tta om Landskronam\u00e4sterskapet \u00e4r ju vinnaren sj\u00e4lv: Mikael Svensson. F\u00f6ljande text har<\/p>\n","protected":false},"author":2,"featured_media":0,"comment_status":"open","ping_status":"open","sticky":false,"template":"","format":"standard","meta":{"_acf_changed":false,"footnotes":""},"categories":[17,16],"tags":[45,54,166],"acf":[],"_links":{"self":[{"href":"https:\/\/www.nvssf.com\/forbundet\/wp-json\/wp\/v2\/posts\/12301"}],"collection":[{"href":"https:\/\/www.nvssf.com\/forbundet\/wp-json\/wp\/v2\/posts"}],"about":[{"href":"https:\/\/www.nvssf.com\/forbundet\/wp-json\/wp\/v2\/types\/post"}],"author":[{"embeddable":true,"href":"https:\/\/www.nvssf.com\/forbundet\/wp-json\/wp\/v2\/users\/2"}],"replies":[{"embeddable":true,"href":"https:\/\/www.nvssf.com\/forbundet\/wp-json\/wp\/v2\/comments?post=12301"}],"version-history":[{"count":5,"href":"https:\/\/www.nvssf.com\/forbundet\/wp-json\/wp\/v2\/posts\/12301\/revisions"}],"predecessor-version":[{"id":12308,"href":"https:\/\/www.nvssf.com\/forbundet\/wp-json\/wp\/v2\/posts\/12301\/revisions\/12308"}],"wp:attachment":[{"href":"https:\/\/www.nvssf.com\/forbundet\/wp-json\/wp\/v2\/media?parent=12301"}],"wp:term":[{"taxonomy":"category","embeddable":true,"href":"https:\/\/www.nvssf.com\/forbundet\/wp-json\/wp\/v2\/categories?post=12301"},{"taxonomy":"post_tag","embeddable":true,"href":"https:\/\/www.nvssf.com\/forbundet\/wp-json\/wp\/v2\/tags?post=12301"}],"curies":[{"name":"wp","href":"https:\/\/api.w.org\/{rel}","templated":true}]}}