{"id":12383,"date":"2022-12-22T10:44:16","date_gmt":"2022-12-22T09:44:16","guid":{"rendered":"https:\/\/www.nvssf.com\/forbundet\/?p=12383"},"modified":"2022-12-22T10:44:16","modified_gmt":"2022-12-22T09:44:16","slug":"hans-dehlin-klubbmastare-i-skromberga-ass","status":"publish","type":"post","link":"https:\/\/www.nvssf.com\/forbundet\/hans-dehlin-klubbmastare-i-skromberga-ass\/","title":{"rendered":"Hans Dehlin klubbm\u00e4stare i Skromberga ASS"},"content":{"rendered":"<p><strong>Hans Dehlin<\/strong> blev klubbm\u00e4stare i Skromberga 2022. \u00d6vriga pallplatser togs av <strong>Lars Persson<\/strong> och <strong>Nils-Arne J\u00f6nsson<\/strong>.<\/p>\n<p>Tv\u00e5an Lars Persson har g\u00e5tt som t\u00e5get denna h\u00f6st\/vinter; mer \u00e4n 65 plus i ELO! Oturligt f\u00f6r honom hade han s\u00e4mre kvalitetspo\u00e4ng \u00e4n Hans s\u00e5 Herr Dehlin korades som klubbm\u00e4stare trots att b\u00e4gge tog 7 po\u00e4ng p\u00e5 de 9 ronderna.<\/p>\n<h3>TABELL<\/h3>\n<p><a href=\"https:\/\/www.nvssf.com\/forbundet\/wp-content\/uploads\/2022\/12\/tabellSkrombergaKM2022.png\"><img loading=\"lazy\" decoding=\"async\" class=\"alignleft size-full wp-image-12382\" src=\"https:\/\/www.nvssf.com\/forbundet\/wp-content\/uploads\/2022\/12\/tabellSkrombergaKM2022.png\" alt=\"\" width=\"817\" height=\"360\" \/><\/a><\/p>\n","protected":false},"excerpt":{"rendered":"<p>Hans Dehlin blev klubbm\u00e4stare i Skromberga 2022. \u00d6vriga pallplatser togs av Lars Persson och Nils-Arne J\u00f6nsson. Tv\u00e5an Lars Persson har g\u00e5tt som t\u00e5get denna h\u00f6st\/vinter; mer \u00e4n 65 plus i ELO! Oturligt f\u00f6r honom hade han s\u00e4mre kvalitetspo\u00e4ng \u00e4n Hans &hellip; <a href=\"https:\/\/www.nvssf.com\/forbundet\/hans-dehlin-klubbmastare-i-skromberga-ass\/\">Forts\u00e4tt l\u00e4sa <span class=\"meta-nav\">&rarr;<\/span><\/a><\/p>\n","protected":false},"author":2,"featured_media":0,"comment_status":"open","ping_status":"open","sticky":false,"template":"","format":"standard","meta":{"_acf_changed":false,"footnotes":""},"categories":[17,16],"tags":[182,147,183,42],"acf":[],"_links":{"self":[{"href":"https:\/\/www.nvssf.com\/forbundet\/wp-json\/wp\/v2\/posts\/12383"}],"collection":[{"href":"https:\/\/www.nvssf.com\/forbundet\/wp-json\/wp\/v2\/posts"}],"about":[{"href":"https:\/\/www.nvssf.com\/forbundet\/wp-json\/wp\/v2\/types\/post"}],"author":[{"embeddable":true,"href":"https:\/\/www.nvssf.com\/forbundet\/wp-json\/wp\/v2\/users\/2"}],"replies":[{"embeddable":true,"href":"https:\/\/www.nvssf.com\/forbundet\/wp-json\/wp\/v2\/comments?post=12383"}],"version-history":[{"count":1,"href":"https:\/\/www.nvssf.com\/forbundet\/wp-json\/wp\/v2\/posts\/12383\/revisions"}],"predecessor-version":[{"id":12384,"href":"https:\/\/www.nvssf.com\/forbundet\/wp-json\/wp\/v2\/posts\/12383\/revisions\/12384"}],"wp:attachment":[{"href":"https:\/\/www.nvssf.com\/forbundet\/wp-json\/wp\/v2\/media?parent=12383"}],"wp:term":[{"taxonomy":"category","embeddable":true,"href":"https:\/\/www.nvssf.com\/forbundet\/wp-json\/wp\/v2\/categories?post=12383"},{"taxonomy":"post_tag","embeddable":true,"href":"https:\/\/www.nvssf.com\/forbundet\/wp-json\/wp\/v2\/tags?post=12383"}],"curies":[{"name":"wp","href":"https:\/\/api.w.org\/{rel}","templated":true}]}}