{"id":12421,"date":"2022-12-31T02:28:21","date_gmt":"2022-12-31T01:28:21","guid":{"rendered":"https:\/\/www.nvssf.com\/forbundet\/?p=12421"},"modified":"2022-12-31T02:28:21","modified_gmt":"2022-12-31T01:28:21","slug":"efterskord-skrombergas-mellandagsturnering","status":"publish","type":"post","link":"https:\/\/www.nvssf.com\/forbundet\/efterskord-skrombergas-mellandagsturnering\/","title":{"rendered":"Eftersk\u00f6rd Skrombergas Mellandagsturnering"},"content":{"rendered":"<p>En av deltagarna i turneringen, Bengt Kvisth, var v\u00e4nlig nog att skicka lite bilder ifr\u00e5n turneringen.<\/p>\n<div id=\"attachment_12423\" style=\"width: 323px\" class=\"wp-caption alignleft\"><a href=\"https:\/\/www.nvssf.com\/forbundet\/wp-content\/uploads\/2022\/12\/webbMladen1aPrisFotoBengtKvisth.jpg\"><img loading=\"lazy\" decoding=\"async\" aria-describedby=\"caption-attachment-12423\" class=\"size-full wp-image-12423\" src=\"https:\/\/www.nvssf.com\/forbundet\/wp-content\/uploads\/2022\/12\/webbMladen1aPrisFotoBengtKvisth.jpg\" alt=\"Turneringssegraren Mladen Gajic tar emot 1:a priset. Prisutdelare \u00e4r Skromberga ASS ordf\u00f6rande Roland Johansson. Foto:Bengt Kvisth\" width=\"313\" height=\"339\" \/><\/a><p id=\"caption-attachment-12423\" class=\"wp-caption-text\">Turneringssegraren Mladen Gajic tar emot 1:a priset. Prisutdelare \u00e4r Skromberga ASS ordf\u00f6rande Roland Johansson. Foto:Bengt Kvisth<\/p><\/div>\n<p><!--more--><\/p>\n<div id=\"attachment_12427\" style=\"width: 360px\" class=\"wp-caption alignleft\"><a href=\"https:\/\/www.nvssf.com\/forbundet\/wp-content\/uploads\/2022\/12\/WebbToreBratingprisFotoBengtKvisth.jpg\"><img loading=\"lazy\" decoding=\"async\" aria-describedby=\"caption-attachment-12427\" class=\"size-full wp-image-12427\" src=\"https:\/\/www.nvssf.com\/forbundet\/wp-content\/uploads\/2022\/12\/WebbToreBratingprisFotoBengtKvisth.jpg\" alt=\"Tore Bengtsson tar emot rankingpriset f\u00f6r grupp 1. Prisutdelare \u00e4r Roland Johansson. Foto:Bengt Kvisth\" width=\"350\" height=\"467\" \/><\/a><p id=\"caption-attachment-12427\" class=\"wp-caption-text\">Tore Bengtsson,Helsingborgs SS tar emot rankingpriset f\u00f6r grupp 1. Prisutdelare \u00e4r Roland Johansson. Foto:Bengt Kvisth<\/p><\/div>\n<div id=\"attachment_12426\" style=\"width: 310px\" class=\"wp-caption alignleft\"><a href=\"https:\/\/www.nvssf.com\/forbundet\/wp-content\/uploads\/2022\/12\/WebbLarsPratingprisFotoBengtKvisth.jpg\"><img loading=\"lazy\" decoding=\"async\" aria-describedby=\"caption-attachment-12426\" class=\"size-full wp-image-12426\" src=\"https:\/\/www.nvssf.com\/forbundet\/wp-content\/uploads\/2022\/12\/WebbLarsPratingprisFotoBengtKvisth.jpg\" alt=\"Lars Persson tar emot rankingpriset f\u00f6r grupp 2. Foto:Bengt Kvisth\" width=\"300\" height=\"284\" \/><\/a><p id=\"caption-attachment-12426\" class=\"wp-caption-text\">Lars Persson tar emot rankingpriset f\u00f6r grupp 2. Foto:Bengt Kvisth<\/p><\/div>\n<div id=\"attachment_12425\" style=\"width: 333px\" class=\"wp-caption alignleft\"><a href=\"https:\/\/www.nvssf.com\/forbundet\/wp-content\/uploads\/2022\/12\/webbRogerKarlsson2aprisFotoBengtKvisth.jpg\"><img loading=\"lazy\" decoding=\"async\" aria-describedby=\"caption-attachment-12425\" class=\"size-full wp-image-12425\" src=\"https:\/\/www.nvssf.com\/forbundet\/wp-content\/uploads\/2022\/12\/webbRogerKarlsson2aprisFotoBengtKvisth.jpg\" alt=\"Roger Karlsson,Falkenbergs SK kom 2:a. Foto:Bengt Kvisth\" width=\"323\" height=\"250\" \/><\/a><p id=\"caption-attachment-12425\" class=\"wp-caption-text\">Roger Karlsson,Falkenbergs SK kom 2:a. Foto:Bengt Kvisth<\/p><\/div>\n<div id=\"attachment_12424\" style=\"width: 428px\" class=\"wp-caption alignleft\"><a href=\"https:\/\/www.nvssf.com\/forbundet\/wp-content\/uploads\/2022\/12\/webbMladenMariusFotoBengtKvisth.jpg\"><img loading=\"lazy\" decoding=\"async\" aria-describedby=\"caption-attachment-12424\" class=\"size-full wp-image-12424\" src=\"https:\/\/www.nvssf.com\/forbundet\/wp-content\/uploads\/2022\/12\/webbMladenMariusFotoBengtKvisth.jpg\" alt=\"Mladen Gajic,Malm\u00f6 AS vit mot Marius Schriever-Abeln,Harplinge SS-Halmstad\" width=\"418\" height=\"260\" \/><\/a><p id=\"caption-attachment-12424\" class=\"wp-caption-text\">Mladen Gajic,Malm\u00f6 AS vit mot Marius Schriever-Abeln,Harplinge SS-Halmstad<\/p><\/div>\n","protected":false},"excerpt":{"rendered":"<p>En av deltagarna i turneringen, Bengt Kvisth, var v\u00e4nlig nog att skicka lite bilder ifr\u00e5n turneringen.<\/p>\n","protected":false},"author":2,"featured_media":0,"comment_status":"open","ping_status":"open","sticky":false,"template":"","format":"standard","meta":{"_acf_changed":false,"footnotes":""},"categories":[8,14,16],"tags":[204,147,205,186,198],"acf":[],"_links":{"self":[{"href":"https:\/\/www.nvssf.com\/forbundet\/wp-json\/wp\/v2\/posts\/12421"}],"collection":[{"href":"https:\/\/www.nvssf.com\/forbundet\/wp-json\/wp\/v2\/posts"}],"about":[{"href":"https:\/\/www.nvssf.com\/forbundet\/wp-json\/wp\/v2\/types\/post"}],"author":[{"embeddable":true,"href":"https:\/\/www.nvssf.com\/forbundet\/wp-json\/wp\/v2\/users\/2"}],"replies":[{"embeddable":true,"href":"https:\/\/www.nvssf.com\/forbundet\/wp-json\/wp\/v2\/comments?post=12421"}],"version-history":[{"count":4,"href":"https:\/\/www.nvssf.com\/forbundet\/wp-json\/wp\/v2\/posts\/12421\/revisions"}],"predecessor-version":[{"id":12430,"href":"https:\/\/www.nvssf.com\/forbundet\/wp-json\/wp\/v2\/posts\/12421\/revisions\/12430"}],"wp:attachment":[{"href":"https:\/\/www.nvssf.com\/forbundet\/wp-json\/wp\/v2\/media?parent=12421"}],"wp:term":[{"taxonomy":"category","embeddable":true,"href":"https:\/\/www.nvssf.com\/forbundet\/wp-json\/wp\/v2\/categories?post=12421"},{"taxonomy":"post_tag","embeddable":true,"href":"https:\/\/www.nvssf.com\/forbundet\/wp-json\/wp\/v2\/tags?post=12421"}],"curies":[{"name":"wp","href":"https:\/\/api.w.org\/{rel}","templated":true}]}}