{"id":12622,"date":"2023-01-29T16:42:31","date_gmt":"2023-01-29T15:42:31","guid":{"rendered":"https:\/\/www.nvssf.com\/forbundet\/?p=12622"},"modified":"2023-01-29T15:48:47","modified_gmt":"2023-01-29T14:48:47","slug":"brynell-segrade-i-skaneblixten","status":"publish","type":"post","link":"https:\/\/www.nvssf.com\/forbundet\/brynell-segrade-i-skaneblixten\/","title":{"rendered":"Brynell segrade i Sk\u00e5neblixten"},"content":{"rendered":"<p>Storm\u00e4staren Stellan Brynell segrade i Sk\u00e5neblixten som \u00e4r <a href=\"http:\/\/skaneschack.se\/\" target=\"_blank\" rel=\"noopener\">Sk\u00e5nes Schackf\u00f6rbunds<\/a> \u00f6ppna distriktsm\u00e4sterskap i blixt. 33 spelare kom till start. T\u00e4vlingen spelades i Lund p\u00e5 arrangerande <a href=\"http:\/\/lask.se\" target=\"_blank\" rel=\"noopener\">Lunds ASK<\/a> klubblokal.<\/p>\n<p><strong>Sejfo Agovic<\/strong>, Helsingborgs SS kom p\u00e5 21:a plats. <strong>Viktor Lundberg<\/strong>, Engelholms SK kom p\u00e5 24:e plats.<\/p>\n<p>| <a href=\"https:\/\/member.schack.se\/ShowTournamentServlet?id=11261\" target=\"_blank\" rel=\"noopener\">Slutst\u00e4llning<\/a> |<\/p>\n","protected":false},"excerpt":{"rendered":"<p>Storm\u00e4staren Stellan Brynell segrade i Sk\u00e5neblixten som \u00e4r Sk\u00e5nes Schackf\u00f6rbunds \u00f6ppna distriktsm\u00e4sterskap i blixt. 33 spelare kom till start. T\u00e4vlingen spelades i Lund p\u00e5 arrangerande Lunds ASK klubblokal. Sejfo Agovic, Helsingborgs SS kom p\u00e5 21:a plats. Viktor Lundberg, Engelholms SK &hellip; <a href=\"https:\/\/www.nvssf.com\/forbundet\/brynell-segrade-i-skaneblixten\/\">Forts\u00e4tt l\u00e4sa <span class=\"meta-nav\">&rarr;<\/span><\/a><\/p>\n","protected":false},"author":2,"featured_media":0,"comment_status":"open","ping_status":"open","sticky":false,"template":"","format":"standard","meta":{"_acf_changed":false,"footnotes":""},"categories":[14],"tags":[],"acf":[],"_links":{"self":[{"href":"https:\/\/www.nvssf.com\/forbundet\/wp-json\/wp\/v2\/posts\/12622"}],"collection":[{"href":"https:\/\/www.nvssf.com\/forbundet\/wp-json\/wp\/v2\/posts"}],"about":[{"href":"https:\/\/www.nvssf.com\/forbundet\/wp-json\/wp\/v2\/types\/post"}],"author":[{"embeddable":true,"href":"https:\/\/www.nvssf.com\/forbundet\/wp-json\/wp\/v2\/users\/2"}],"replies":[{"embeddable":true,"href":"https:\/\/www.nvssf.com\/forbundet\/wp-json\/wp\/v2\/comments?post=12622"}],"version-history":[{"count":1,"href":"https:\/\/www.nvssf.com\/forbundet\/wp-json\/wp\/v2\/posts\/12622\/revisions"}],"predecessor-version":[{"id":12623,"href":"https:\/\/www.nvssf.com\/forbundet\/wp-json\/wp\/v2\/posts\/12622\/revisions\/12623"}],"wp:attachment":[{"href":"https:\/\/www.nvssf.com\/forbundet\/wp-json\/wp\/v2\/media?parent=12622"}],"wp:term":[{"taxonomy":"category","embeddable":true,"href":"https:\/\/www.nvssf.com\/forbundet\/wp-json\/wp\/v2\/categories?post=12622"},{"taxonomy":"post_tag","embeddable":true,"href":"https:\/\/www.nvssf.com\/forbundet\/wp-json\/wp\/v2\/tags?post=12622"}],"curies":[{"name":"wp","href":"https:\/\/api.w.org\/{rel}","templated":true}]}}