{"id":12628,"date":"2023-01-30T08:04:00","date_gmt":"2023-01-30T07:04:00","guid":{"rendered":"https:\/\/www.nvssf.com\/forbundet\/?p=12628"},"modified":"2023-01-30T08:04:00","modified_gmt":"2023-01-30T07:04:00","slug":"ungdomstavlingen-masken-alen-spelas-lordag-4-februari","status":"publish","type":"post","link":"https:\/\/www.nvssf.com\/forbundet\/ungdomstavlingen-masken-alen-spelas-lordag-4-februari\/","title":{"rendered":"Ungdomst\u00e4vlingen Masken\/\u00c5len spelas l\u00f6rdag 4 februari"},"content":{"rendered":"<p><a href=\"https:\/\/www.nvssf.com\/forbundet\/wp-content\/uploads\/2017\/12\/skSandloparenlogga.png\"><img loading=\"lazy\" decoding=\"async\" class=\"aligncenter size-thumbnail wp-image-5427\" src=\"https:\/\/www.nvssf.com\/forbundet\/wp-content\/uploads\/2017\/12\/skSandloparenlogga-150x123.png\" alt=\"\" width=\"150\" height=\"123\" srcset=\"https:\/\/www.nvssf.com\/forbundet\/wp-content\/uploads\/2017\/12\/skSandloparenlogga-150x123.png 150w, https:\/\/www.nvssf.com\/forbundet\/wp-content\/uploads\/2017\/12\/skSandloparenlogga-300x246.png 300w, https:\/\/www.nvssf.com\/forbundet\/wp-content\/uploads\/2017\/12\/skSandloparenlogga-366x300.png 366w, https:\/\/www.nvssf.com\/forbundet\/wp-content\/uploads\/2017\/12\/skSandloparenlogga.png 394w\" sizes=\"(max-width: 150px) 100vw, 150px\" \/><\/a>Flera av f\u00f6rbundets ungdomar var aktiva p\u00e5 t\u00e4vlingsfronten den g\u00e5ngna helgen (flick-sm &amp; sk\u00e5neblixten) s\u00e5 varf\u00f6r sl\u00f6a\/maska den kommande? Alla sk\u00f6tte sig med bravur dessutom s\u00e5 det \u00e4r bara att k\u00f6ra p\u00e5 och visa resten av Sk\u00e5ne att nordv\u00e4stsk\u00e5ningarna inte \u00e4r att leka med.<\/p>\n<p>P\u00e5 l\u00f6rdag spelas t\u00e4vlingen Masken\/\u00c5len i S\u00f6dra Sandby. Bet\u00e4nketiden \u00e4r 15 minuter + 5 sekunders till\u00e4gg per drag. Sju ronder kommer att spelas. T\u00e4vlingen arrangeras av Sk\u00e5nes Schackf\u00f6rbund och SK Sandl\u00f6paren som \u00e4r den lokala klubben i S\u00f6dra Sandby.<\/p>\n<p>Deltagarna delas in i klasser enligt \u00e5lder:<br \/>\n<strong>Juniorer (\u00c5len A)<\/strong> &#8230;&#8230;&#8230;&#8230;&#8230;&#8230;&#8230;.f\u00f6dda 2002-2005<br \/>\n<strong>Kadetter (\u00c5len B)<\/strong> &#8230;&#8230;&#8230;&#8230;&#8230;&#8230;&#8230;f\u00f6dda 2006-2009<br \/>\n<strong>Miniorer (MASKen A)<\/strong>&#8230;&#8230;&#8230;&#8230;&#8230;f\u00f6dda 2010-2011<br \/>\n<strong>Yngre Miniorer (MASKen B)<\/strong>&#8230;.f\u00f6dda 2012 och senare<\/p>\n<p>Vill man vara med s\u00e5 l\u00e4ser man <a href=\"https:\/\/www.nvssf.com\/forbundet\/wp-content\/uploads\/2022\/12\/inbjMaskenAlen2023.pdf\" target=\"_blank\" rel=\"noopener\">inbjudan<\/a> d\u00e4r man hittar all n\u00f6dv\u00e4ndig info, t ex hur man anm\u00e4ler sig osv&#8230;<\/p>\n<p>&nbsp;<\/p>\n","protected":false},"excerpt":{"rendered":"<p>Flera av f\u00f6rbundets ungdomar var aktiva p\u00e5 t\u00e4vlingsfronten den g\u00e5ngna helgen (flick-sm &amp; sk\u00e5neblixten) s\u00e5 varf\u00f6r sl\u00f6a\/maska den kommande? Alla sk\u00f6tte sig med bravur dessutom s\u00e5 det \u00e4r bara att k\u00f6ra p\u00e5 och visa resten av Sk\u00e5ne att nordv\u00e4stsk\u00e5ningarna inte &hellip; <a href=\"https:\/\/www.nvssf.com\/forbundet\/ungdomstavlingen-masken-alen-spelas-lordag-4-februari\/\">Forts\u00e4tt l\u00e4sa <span class=\"meta-nav\">&rarr;<\/span><\/a><\/p>\n","protected":false},"author":2,"featured_media":0,"comment_status":"open","ping_status":"open","sticky":false,"template":"","format":"standard","meta":{"_acf_changed":false,"footnotes":""},"categories":[7,9,14],"tags":[184],"acf":[],"_links":{"self":[{"href":"https:\/\/www.nvssf.com\/forbundet\/wp-json\/wp\/v2\/posts\/12628"}],"collection":[{"href":"https:\/\/www.nvssf.com\/forbundet\/wp-json\/wp\/v2\/posts"}],"about":[{"href":"https:\/\/www.nvssf.com\/forbundet\/wp-json\/wp\/v2\/types\/post"}],"author":[{"embeddable":true,"href":"https:\/\/www.nvssf.com\/forbundet\/wp-json\/wp\/v2\/users\/2"}],"replies":[{"embeddable":true,"href":"https:\/\/www.nvssf.com\/forbundet\/wp-json\/wp\/v2\/comments?post=12628"}],"version-history":[{"count":1,"href":"https:\/\/www.nvssf.com\/forbundet\/wp-json\/wp\/v2\/posts\/12628\/revisions"}],"predecessor-version":[{"id":12629,"href":"https:\/\/www.nvssf.com\/forbundet\/wp-json\/wp\/v2\/posts\/12628\/revisions\/12629"}],"wp:attachment":[{"href":"https:\/\/www.nvssf.com\/forbundet\/wp-json\/wp\/v2\/media?parent=12628"}],"wp:term":[{"taxonomy":"category","embeddable":true,"href":"https:\/\/www.nvssf.com\/forbundet\/wp-json\/wp\/v2\/categories?post=12628"},{"taxonomy":"post_tag","embeddable":true,"href":"https:\/\/www.nvssf.com\/forbundet\/wp-json\/wp\/v2\/tags?post=12628"}],"curies":[{"name":"wp","href":"https:\/\/api.w.org\/{rel}","templated":true}]}}