{"id":12752,"date":"2023-03-06T16:51:23","date_gmt":"2023-03-06T15:51:23","guid":{"rendered":"https:\/\/www.nvssf.com\/forbundet\/?p=12752"},"modified":"2023-03-06T16:51:23","modified_gmt":"2023-03-06T15:51:23","slug":"dagordning-for-nvssf-arsmote-den-25-mars","status":"publish","type":"post","link":"https:\/\/www.nvssf.com\/forbundet\/dagordning-for-nvssf-arsmote-den-25-mars\/","title":{"rendered":"Dagordning f\u00f6r NvSSF \u00e5rsm\u00f6te den 25 mars"},"content":{"rendered":"<p><a href=\"https:\/\/www.nvssf.com\/forbundet\/wp-content\/uploads\/2014\/03\/NVSSFlogo.jpg\"><img loading=\"lazy\" decoding=\"async\" class=\"aligncenter size-full wp-image-6\" src=\"https:\/\/www.nvssf.com\/forbundet\/wp-content\/uploads\/2014\/03\/NVSSFlogo.jpg\" alt=\"nvssf logga\" width=\"82\" height=\"82\" \/><\/a><strong>Dagordning f\u00f6r NVSSF:s \u00e5rsm\u00f6tet 25 mars kl 14.00 p\u00e5 Helsingborgs SS klubblokal Tr\u00e4dg\u00e5rdsgatan 11, Helsingborg.<\/strong><\/p>\n<p>\u00a71 M\u00f6tets \u00f6ppnande<\/p>\n<p>\u00a72 Val av m\u00f6tesordf\u00f6rande<\/p>\n<p>\u00a73 Val av m\u00f6tessekreterare<\/p>\n<p>\u00a74 Val av tv\u00e5 justeringsm\u00e4n till \u00e5rsm\u00f6tets protokoll och tillika r\u00f6str\u00e4knare<\/p>\n<p>\u00a75 Upprop och fastst\u00e4llande av r\u00f6stl\u00e4ngden<\/p>\n<p>\u00a76 Dagordningens godk\u00e4nnande<\/p>\n<p>\u00a77 \u00c5rsm\u00f6tets beh\u00f6riga utlysande<\/p>\n<p>\u00a78 Styrelsens verksamhetsber\u00e4ttelse och ekonomiska ber\u00e4ttelse<!--more--><br \/>\n.<br \/>\n\u00a79 Revisorernas ber\u00e4ttelse<\/p>\n<p>\u00a710 Fr\u00e5gan om ansvarsfrihet<\/p>\n<p>\u00a711 Behandling av inkomna motioner och styrelsens f\u00f6rslag<\/p>\n<p>\u00a712 Best\u00e4mmande av medlemsavgiften f\u00f6r n\u00e4stkommande \u00e5r<\/p>\n<p>\u00a713 Best\u00e4mmande av ers\u00e4ttningar<\/p>\n<p>\u00a714 Val av ordf\u00f6rande<\/p>\n<p>\u00a715 Val av styrelse (2 \u00e5r) och suppleanter (1 \u00e5r)<\/p>\n<p>\u00a716 Val av revisorer och suppleanter<\/p>\n<p>\u00a717 Val av ombud till SSF:s kongress<\/p>\n<p>\u00a718 Val av valberedning<\/p>\n<p>\u00a719 \u00d6vriga fr\u00e5gor<\/p>\n<p>\u00a720 M\u00f6tets avslutande<\/p>\n<p>Denna dagordning i pdf-format hittar du <a href=\"https:\/\/www.nvssf.com\/forbundet\/wp-content\/uploads\/2023\/03\/Dagordning_arsmoteNvSSF2023.pdf\" target=\"_blank\" rel=\"noopener\">h\u00e4r.<\/a><\/p>\n","protected":false},"excerpt":{"rendered":"<p>Dagordning f\u00f6r NVSSF:s \u00e5rsm\u00f6tet 25 mars kl 14.00 p\u00e5 Helsingborgs SS klubblokal Tr\u00e4dg\u00e5rdsgatan 11, Helsingborg. \u00a71 M\u00f6tets \u00f6ppnande \u00a72 Val av m\u00f6tesordf\u00f6rande \u00a73 Val av m\u00f6tessekreterare \u00a74 Val av tv\u00e5 justeringsm\u00e4n till \u00e5rsm\u00f6tets protokoll och tillika r\u00f6str\u00e4knare \u00a75 Upprop och &hellip; <a href=\"https:\/\/www.nvssf.com\/forbundet\/dagordning-for-nvssf-arsmote-den-25-mars\/\">Forts\u00e4tt l\u00e4sa <span class=\"meta-nav\">&rarr;<\/span><\/a><\/p>\n","protected":false},"author":2,"featured_media":0,"comment_status":"open","ping_status":"open","sticky":false,"template":"","format":"standard","meta":{"_acf_changed":false,"footnotes":""},"categories":[13],"tags":[],"acf":[],"_links":{"self":[{"href":"https:\/\/www.nvssf.com\/forbundet\/wp-json\/wp\/v2\/posts\/12752"}],"collection":[{"href":"https:\/\/www.nvssf.com\/forbundet\/wp-json\/wp\/v2\/posts"}],"about":[{"href":"https:\/\/www.nvssf.com\/forbundet\/wp-json\/wp\/v2\/types\/post"}],"author":[{"embeddable":true,"href":"https:\/\/www.nvssf.com\/forbundet\/wp-json\/wp\/v2\/users\/2"}],"replies":[{"embeddable":true,"href":"https:\/\/www.nvssf.com\/forbundet\/wp-json\/wp\/v2\/comments?post=12752"}],"version-history":[{"count":1,"href":"https:\/\/www.nvssf.com\/forbundet\/wp-json\/wp\/v2\/posts\/12752\/revisions"}],"predecessor-version":[{"id":12753,"href":"https:\/\/www.nvssf.com\/forbundet\/wp-json\/wp\/v2\/posts\/12752\/revisions\/12753"}],"wp:attachment":[{"href":"https:\/\/www.nvssf.com\/forbundet\/wp-json\/wp\/v2\/media?parent=12752"}],"wp:term":[{"taxonomy":"category","embeddable":true,"href":"https:\/\/www.nvssf.com\/forbundet\/wp-json\/wp\/v2\/categories?post=12752"},{"taxonomy":"post_tag","embeddable":true,"href":"https:\/\/www.nvssf.com\/forbundet\/wp-json\/wp\/v2\/tags?post=12752"}],"curies":[{"name":"wp","href":"https:\/\/api.w.org\/{rel}","templated":true}]}}