{"id":12816,"date":"2023-03-25T17:19:47","date_gmt":"2023-03-25T16:19:47","guid":{"rendered":"https:\/\/www.nvssf.com\/forbundet\/?p=12816"},"modified":"2023-03-25T17:19:47","modified_gmt":"2023-03-25T16:19:47","slug":"pa-nordvastskanska-fronten-intet-nytt","status":"publish","type":"post","link":"https:\/\/www.nvssf.com\/forbundet\/pa-nordvastskanska-fronten-intet-nytt\/","title":{"rendered":"P\u00e5 nordv\u00e4stsk\u00e5nska fronten intet nytt"},"content":{"rendered":"<p><a href=\"https:\/\/www.nvssf.com\/forbundet\/wp-content\/uploads\/2014\/03\/NVSSFlogo.jpg\"><img loading=\"lazy\" decoding=\"async\" class=\"aligncenter size-full wp-image-6\" src=\"https:\/\/www.nvssf.com\/forbundet\/wp-content\/uploads\/2014\/03\/NVSSFlogo.jpg\" alt=\"nvssf logga\" width=\"82\" height=\"82\" \/><\/a><\/p>\n<p>P\u00e5 dagens (l\u00f6rdagen den 25 mars) \u00e5rsm\u00f6te omvaldes samtliga styrelsemedlemmar som stod p\u00e5 tur f\u00f6r omval. Inga f\u00f6r\u00e4ndringar n\u00e4r det g\u00e4ller revisorer och valberedning. Det betyder att denna information fortfarande g\u00e4ller: <a href=\"https:\/\/www.nvssf.com\/forbundet\/styrelsen\/\">https:\/\/www.nvssf.com\/forbundet\/styrelsen\/<\/a>.<\/p>\n","protected":false},"excerpt":{"rendered":"<p>P\u00e5 dagens (l\u00f6rdagen den 25 mars) \u00e5rsm\u00f6te omvaldes samtliga styrelsemedlemmar som stod p\u00e5 tur f\u00f6r omval. Inga f\u00f6r\u00e4ndringar n\u00e4r det g\u00e4ller revisorer och valberedning. Det betyder att denna information fortfarande g\u00e4ller: https:\/\/www.nvssf.com\/forbundet\/styrelsen\/.<\/p>\n","protected":false},"author":2,"featured_media":0,"comment_status":"open","ping_status":"open","sticky":false,"template":"","format":"standard","meta":{"_acf_changed":false,"footnotes":""},"categories":[104,13],"tags":[],"acf":[],"_links":{"self":[{"href":"https:\/\/www.nvssf.com\/forbundet\/wp-json\/wp\/v2\/posts\/12816"}],"collection":[{"href":"https:\/\/www.nvssf.com\/forbundet\/wp-json\/wp\/v2\/posts"}],"about":[{"href":"https:\/\/www.nvssf.com\/forbundet\/wp-json\/wp\/v2\/types\/post"}],"author":[{"embeddable":true,"href":"https:\/\/www.nvssf.com\/forbundet\/wp-json\/wp\/v2\/users\/2"}],"replies":[{"embeddable":true,"href":"https:\/\/www.nvssf.com\/forbundet\/wp-json\/wp\/v2\/comments?post=12816"}],"version-history":[{"count":1,"href":"https:\/\/www.nvssf.com\/forbundet\/wp-json\/wp\/v2\/posts\/12816\/revisions"}],"predecessor-version":[{"id":12817,"href":"https:\/\/www.nvssf.com\/forbundet\/wp-json\/wp\/v2\/posts\/12816\/revisions\/12817"}],"wp:attachment":[{"href":"https:\/\/www.nvssf.com\/forbundet\/wp-json\/wp\/v2\/media?parent=12816"}],"wp:term":[{"taxonomy":"category","embeddable":true,"href":"https:\/\/www.nvssf.com\/forbundet\/wp-json\/wp\/v2\/categories?post=12816"},{"taxonomy":"post_tag","embeddable":true,"href":"https:\/\/www.nvssf.com\/forbundet\/wp-json\/wp\/v2\/tags?post=12816"}],"curies":[{"name":"wp","href":"https:\/\/api.w.org\/{rel}","templated":true}]}}