{"id":12883,"date":"2023-04-07T08:08:11","date_gmt":"2023-04-07T06:08:11","guid":{"rendered":"https:\/\/www.nvssf.com\/forbundet\/?p=12883"},"modified":"2023-04-07T08:08:11","modified_gmt":"2023-04-07T06:08:11","slug":"agovic-vann-paskadraget","status":"publish","type":"post","link":"https:\/\/www.nvssf.com\/forbundet\/agovic-vann-paskadraget\/","title":{"rendered":"Agovic vann P\u00e5skadraget"},"content":{"rendered":"<p><strong>Sejfo Agovic<\/strong>, <a href=\"https:\/\/www.svenskalag.se\/helsingborgs-schacksallskap\/nyheter\/1944783\/paskadraget-2023\" target=\"_blank\" rel=\"noopener\">Helsingborgs SS<\/a> vann <a href=\"https:\/\/www.nvssf.com\/forbundet\/helsingborgs-ss-inbjuder-till-paskadraget\/\" target=\"_blank\" rel=\"noopener\">P\u00e5skadraget<\/a> som arrangerades av hans klubb i m\u00e5ndags (3:e april). Han tog 6 po\u00e4ng av 7.<\/p>\n<p>P\u00e5 platserna 2-5 med 5 tagna po\u00e4ng kom Nazim Nozic, Mats Liljenberg och Esad Khariman. De tv\u00e5 f\u00f6rstn\u00e4mnda spelar f\u00f6r arrang\u00f6rsklubben. Esad representerar Landskrona SK.<\/p>\n","protected":false},"excerpt":{"rendered":"<p>Sejfo Agovic, Helsingborgs SS vann P\u00e5skadraget som arrangerades av hans klubb i m\u00e5ndags (3:e april). Han tog 6 po\u00e4ng av 7. P\u00e5 platserna 2-5 med 5 tagna po\u00e4ng kom Nazim Nozic, Mats Liljenberg och Esad Khariman. De tv\u00e5 f\u00f6rstn\u00e4mnda spelar &hellip; <a href=\"https:\/\/www.nvssf.com\/forbundet\/agovic-vann-paskadraget\/\">Forts\u00e4tt l\u00e4sa <span class=\"meta-nav\">&rarr;<\/span><\/a><\/p>\n","protected":false},"author":2,"featured_media":0,"comment_status":"open","ping_status":"open","sticky":false,"template":"","format":"standard","meta":{"_acf_changed":false,"footnotes":""},"categories":[17,14,16],"tags":[201,232,229,163],"acf":[],"_links":{"self":[{"href":"https:\/\/www.nvssf.com\/forbundet\/wp-json\/wp\/v2\/posts\/12883"}],"collection":[{"href":"https:\/\/www.nvssf.com\/forbundet\/wp-json\/wp\/v2\/posts"}],"about":[{"href":"https:\/\/www.nvssf.com\/forbundet\/wp-json\/wp\/v2\/types\/post"}],"author":[{"embeddable":true,"href":"https:\/\/www.nvssf.com\/forbundet\/wp-json\/wp\/v2\/users\/2"}],"replies":[{"embeddable":true,"href":"https:\/\/www.nvssf.com\/forbundet\/wp-json\/wp\/v2\/comments?post=12883"}],"version-history":[{"count":1,"href":"https:\/\/www.nvssf.com\/forbundet\/wp-json\/wp\/v2\/posts\/12883\/revisions"}],"predecessor-version":[{"id":12884,"href":"https:\/\/www.nvssf.com\/forbundet\/wp-json\/wp\/v2\/posts\/12883\/revisions\/12884"}],"wp:attachment":[{"href":"https:\/\/www.nvssf.com\/forbundet\/wp-json\/wp\/v2\/media?parent=12883"}],"wp:term":[{"taxonomy":"category","embeddable":true,"href":"https:\/\/www.nvssf.com\/forbundet\/wp-json\/wp\/v2\/categories?post=12883"},{"taxonomy":"post_tag","embeddable":true,"href":"https:\/\/www.nvssf.com\/forbundet\/wp-json\/wp\/v2\/tags?post=12883"}],"curies":[{"name":"wp","href":"https:\/\/api.w.org\/{rel}","templated":true}]}}