{"id":12885,"date":"2023-04-07T09:17:47","date_gmt":"2023-04-07T07:17:47","guid":{"rendered":"https:\/\/www.nvssf.com\/forbundet\/?p=12885"},"modified":"2023-04-07T15:31:05","modified_gmt":"2023-04-07T13:31:05","slug":"paskturneringen-2023","status":"publish","type":"post","link":"https:\/\/www.nvssf.com\/forbundet\/paskturneringen-2023\/","title":{"rendered":"P\u00e5skturneringen 2023"},"content":{"rendered":"<p><a href=\"https:\/\/www.nvssf.com\/forbundet\/wp-content\/uploads\/2016\/03\/loggaPaskturneringen.jpg\"><img loading=\"lazy\" decoding=\"async\" class=\"aligncenter size-medium wp-image-2706\" src=\"https:\/\/www.nvssf.com\/forbundet\/wp-content\/uploads\/2016\/03\/loggaPaskturneringen-300x81.jpg\" alt=\"\" width=\"300\" height=\"81\" srcset=\"https:\/\/www.nvssf.com\/forbundet\/wp-content\/uploads\/2016\/03\/loggaPaskturneringen-300x81.jpg 300w, https:\/\/www.nvssf.com\/forbundet\/wp-content\/uploads\/2016\/03\/loggaPaskturneringen-768x208.jpg 768w, https:\/\/www.nvssf.com\/forbundet\/wp-content\/uploads\/2016\/03\/loggaPaskturneringen-500x135.jpg 500w, https:\/\/www.nvssf.com\/forbundet\/wp-content\/uploads\/2016\/03\/loggaPaskturneringen.jpg 1015w\" sizes=\"(max-width: 300px) 100vw, 300px\" \/><\/a>Idag p\u00e5 l\u00e5ngfredagen anno 2023 kommer tv\u00e5 nordv\u00e4stsk\u00e5ningar att dra sina f\u00f6rsta drag i <a href=\"https:\/\/schack.se\/tavlingar\/svenskt-grand-prix\/\" target=\"_blank\" rel=\"noopener\">Svenskt Grand Prix<\/a> delt\u00e4vlingen P\u00e5skturneringen. F\u00f6r att vara lite mer exakt s\u00e5 kommer detta att ske kl 14.00 p\u00e5 Elite Grand Hotel i Norrk\u00f6ping.<\/p>\n<p>De tv\u00e5 nordv\u00e4stsk\u00e5ningarna \u00e4r <strong>Gert Lyngsj\u00f6<\/strong>, Landskrona SK och <strong>Staffan Thomasson<\/strong>, Helsingborgs ASK.<\/p>\n<p>F\u00f6r mer information kolla t\u00e4vlingens <a href=\"https:\/\/www.schack08.se\/paskturneringen\/\" target=\"_blank\" rel=\"noopener\">hemsida<\/a>. Vill man f\u00f6lja t\u00e4vlingen under helgen s\u00e5 rekommenderar jag <a href=\"https:\/\/schack.se\" target=\"_blank\" rel=\"noopener\">Sveriges Schackf\u00f6rbunds hemsida<\/a> d\u00e4r man kan finna mer info och nyhetsrapportering.<\/p>\n<h2>L\u00e4nkar<\/h2>\n<p><a href=\"https:\/\/www.youtube.com\/@Paskturneringen-ne9nc\/streams\" target=\"_blank\" rel=\"noopener\">Livestream Youtube<\/a><\/p>\n<h3>Lives\u00e4ndning av Partier<\/h3>\n<p>DGT viewer: | <a href=\"https:\/\/live.schack.se\/paskturneringen\/2023\/main\/\" target=\"_blank\" rel=\"noopener\">Huvudturneringen<\/a> | <a href=\"https:\/\/live.schack.se\/paskturneringen\/2023\/lilla\/\" target=\"_blank\" rel=\"noopener\">Lilla<\/a> |<\/p>\n<p><a href=\"https:\/\/www.chess.com\/sv\/events\/2023-paskturneringen-open\" target=\"_blank\" rel=\"noopener\">Chess.com<\/a><\/p>\n<p>Lichess: | <a href=\"https:\/\/lichess.org\/broadcast\/paskturneringen-2023\/qF82IeNW\" target=\"_blank\" rel=\"noopener\">Huvudturneringen<\/a> | <a href=\"https:\/\/lichess.org\/broadcast\/lilla-paskturneringen-2023\/EfHSgOln\" target=\"_blank\" rel=\"noopener\">Lilla<\/a> |<\/p>\n","protected":false},"excerpt":{"rendered":"<p>Idag p\u00e5 l\u00e5ngfredagen anno 2023 kommer tv\u00e5 nordv\u00e4stsk\u00e5ningar att dra sina f\u00f6rsta drag i Svenskt Grand Prix delt\u00e4vlingen P\u00e5skturneringen. F\u00f6r att vara lite mer exakt s\u00e5 kommer detta att ske kl 14.00 p\u00e5 Elite Grand Hotel i Norrk\u00f6ping. De tv\u00e5 &hellip; <a href=\"https:\/\/www.nvssf.com\/forbundet\/paskturneringen-2023\/\">Forts\u00e4tt l\u00e4sa <span class=\"meta-nav\">&rarr;<\/span><\/a><\/p>\n","protected":false},"author":2,"featured_media":0,"comment_status":"open","ping_status":"open","sticky":false,"template":"","format":"standard","meta":{"_acf_changed":false,"footnotes":""},"categories":[14,91],"tags":[150,233,155],"acf":[],"_links":{"self":[{"href":"https:\/\/www.nvssf.com\/forbundet\/wp-json\/wp\/v2\/posts\/12885"}],"collection":[{"href":"https:\/\/www.nvssf.com\/forbundet\/wp-json\/wp\/v2\/posts"}],"about":[{"href":"https:\/\/www.nvssf.com\/forbundet\/wp-json\/wp\/v2\/types\/post"}],"author":[{"embeddable":true,"href":"https:\/\/www.nvssf.com\/forbundet\/wp-json\/wp\/v2\/users\/2"}],"replies":[{"embeddable":true,"href":"https:\/\/www.nvssf.com\/forbundet\/wp-json\/wp\/v2\/comments?post=12885"}],"version-history":[{"count":7,"href":"https:\/\/www.nvssf.com\/forbundet\/wp-json\/wp\/v2\/posts\/12885\/revisions"}],"predecessor-version":[{"id":12896,"href":"https:\/\/www.nvssf.com\/forbundet\/wp-json\/wp\/v2\/posts\/12885\/revisions\/12896"}],"wp:attachment":[{"href":"https:\/\/www.nvssf.com\/forbundet\/wp-json\/wp\/v2\/media?parent=12885"}],"wp:term":[{"taxonomy":"category","embeddable":true,"href":"https:\/\/www.nvssf.com\/forbundet\/wp-json\/wp\/v2\/categories?post=12885"},{"taxonomy":"post_tag","embeddable":true,"href":"https:\/\/www.nvssf.com\/forbundet\/wp-json\/wp\/v2\/tags?post=12885"}],"curies":[{"name":"wp","href":"https:\/\/api.w.org\/{rel}","templated":true}]}}