{"id":12984,"date":"2023-04-22T17:47:31","date_gmt":"2023-04-22T15:47:31","guid":{"rendered":"https:\/\/www.nvssf.com\/forbundet\/?p=12984"},"modified":"2023-04-22T17:47:31","modified_gmt":"2023-04-22T15:47:31","slug":"fyra-nordvastskaningar-i-lund","status":"publish","type":"post","link":"https:\/\/www.nvssf.com\/forbundet\/fyra-nordvastskaningar-i-lund\/","title":{"rendered":"Fyra nordv\u00e4stsk\u00e5ningar i Lund"},"content":{"rendered":"<p><a href=\"https:\/\/www.nvssf.com\/forbundet\/wp-content\/uploads\/2015\/02\/skaneschack.gif\"><img loading=\"lazy\" decoding=\"async\" class=\"aligncenter size-full wp-image-1267\" src=\"https:\/\/www.nvssf.com\/forbundet\/wp-content\/uploads\/2015\/02\/skaneschack.gif\" alt=\"\" width=\"71\" height=\"74\" \/><\/a>N\u00e4r ungdomsklasserna kadetter, miniorer och yngre miniorer spelades i Sk\u00e5ne Open l\u00f6rdagen den 22 april deltog fyra spelare ifr\u00e5n nordv\u00e4stra sk\u00e5ne:<\/p>\n<ul>\n<li><strong>Otto Martel, <\/strong>Engelholms SK Miniorer (f\u00f6dda 2010-2011)<\/li>\n<li><strong>Vihann Angara,<\/strong> Helsingborgs ASK Yngre Miniorer (2012-)<\/li>\n<li><strong>Mohit Nadipannagari,<\/strong> Helsingborgs ASK Yngre Miniorer<\/li>\n<li><strong>Frans Fredriksson,<\/strong> Engelholms SK Yngre miniorer<\/li>\n<\/ul>\n<p>Otto slutade p\u00e5 14:e plats av 32 deltagare. Vackert! Otto \u00e4r f\u00f6r mig ett ok\u00e4nt namn men 4 po\u00e4ng av 7 m\u00f6jliga och 14:e plats ser bra ut.<\/p>\n<p>Vihann \u00e4r v\u00e4l den mest rutinerade spelaren av de nordv\u00e4stsk\u00e5ningar som deltog, och det visade han med sin 11:e plats (31 deltagare) och 4 po\u00e4ng.<\/p>\n<p>Och s\u00e5 har vi \u00e4nnu en \u00c4ngelholmare<!--more--> som jag inte k\u00e4nner till, Frans Fredriksson. Han tog 4 po\u00e4ng p\u00e5 de 7 ronderna och slutade p\u00e5 14:e plats. Mycket bra det ocks\u00e5. Det ser bra ut f\u00f6r Engelholms SK p\u00e5 juniorfronten. Kul att det kommer fram lite juniorer i distriktet som kan konkurrera med den tongivande junior-klubben Helsingborgs ASK.<\/p>\n<p>Mohit gjorde ocks\u00e5 en bra och stabil insats med sina 3 po\u00e4ng och placering nr 23.<\/p>\n<h3>resultat<\/h3>\n<p><a href=\"https:\/\/member.schack.se\/ShowTournamentServlet?id=11398\" target=\"_blank\" rel=\"noopener\">Miniorer<\/a><\/p>\n<p><a href=\"https:\/\/member.schack.se\/ShowTournamentServlet?id=11399\" target=\"_blank\" rel=\"noopener\">Yngre miniorer<\/a><\/p>\n<p>S\u00f6ndagen den 23 april spelas seniorklassen d\u00e4r nordv\u00e4stra sk\u00e5ne har tv\u00e5 deltagare: <strong>Ahmad Abdulkader<\/strong>, Helsingborgs ASK och <strong>Sejfo Agovic<\/strong>, Helsingborgs SS.<\/p>\n<p>&nbsp;<\/p>\n","protected":false},"excerpt":{"rendered":"<p>N\u00e4r ungdomsklasserna kadetter, miniorer och yngre miniorer spelades i Sk\u00e5ne Open l\u00f6rdagen den 22 april deltog fyra spelare ifr\u00e5n nordv\u00e4stra sk\u00e5ne: Otto Martel, Engelholms SK Miniorer (f\u00f6dda 2010-2011) Vihann Angara, Helsingborgs ASK Yngre Miniorer (2012-) Mohit Nadipannagari, Helsingborgs ASK Yngre &hellip; <a href=\"https:\/\/www.nvssf.com\/forbundet\/fyra-nordvastskaningar-i-lund\/\">Forts\u00e4tt l\u00e4sa <span class=\"meta-nav\">&rarr;<\/span><\/a><\/p>\n","protected":false},"author":2,"featured_media":0,"comment_status":"open","ping_status":"open","sticky":false,"template":"","format":"standard","meta":{"_acf_changed":false,"footnotes":""},"categories":[9,14],"tags":[46,41,48,221],"acf":[],"_links":{"self":[{"href":"https:\/\/www.nvssf.com\/forbundet\/wp-json\/wp\/v2\/posts\/12984"}],"collection":[{"href":"https:\/\/www.nvssf.com\/forbundet\/wp-json\/wp\/v2\/posts"}],"about":[{"href":"https:\/\/www.nvssf.com\/forbundet\/wp-json\/wp\/v2\/types\/post"}],"author":[{"embeddable":true,"href":"https:\/\/www.nvssf.com\/forbundet\/wp-json\/wp\/v2\/users\/2"}],"replies":[{"embeddable":true,"href":"https:\/\/www.nvssf.com\/forbundet\/wp-json\/wp\/v2\/comments?post=12984"}],"version-history":[{"count":2,"href":"https:\/\/www.nvssf.com\/forbundet\/wp-json\/wp\/v2\/posts\/12984\/revisions"}],"predecessor-version":[{"id":12986,"href":"https:\/\/www.nvssf.com\/forbundet\/wp-json\/wp\/v2\/posts\/12984\/revisions\/12986"}],"wp:attachment":[{"href":"https:\/\/www.nvssf.com\/forbundet\/wp-json\/wp\/v2\/media?parent=12984"}],"wp:term":[{"taxonomy":"category","embeddable":true,"href":"https:\/\/www.nvssf.com\/forbundet\/wp-json\/wp\/v2\/categories?post=12984"},{"taxonomy":"post_tag","embeddable":true,"href":"https:\/\/www.nvssf.com\/forbundet\/wp-json\/wp\/v2\/tags?post=12984"}],"curies":[{"name":"wp","href":"https:\/\/api.w.org\/{rel}","templated":true}]}}