{"id":13037,"date":"2023-05-13T09:30:27","date_gmt":"2023-05-13T07:30:27","guid":{"rendered":"https:\/\/www.nvssf.com\/forbundet\/?p=13037"},"modified":"2023-05-13T09:30:27","modified_gmt":"2023-05-13T07:30:27","slug":"idag-smaller-det-riksfinalen-i-schackfyran-spelas-pa-helsingborgs-arena","status":"publish","type":"post","link":"https:\/\/www.nvssf.com\/forbundet\/idag-smaller-det-riksfinalen-i-schackfyran-spelas-pa-helsingborgs-arena\/","title":{"rendered":"Idag sm\u00e4ller det! &#8211; Riksfinalen i Schackfyran spelas p\u00e5 Helsingborgs Arena"},"content":{"rendered":"<p><a href=\"https:\/\/schack.se\/schackfyran\/\"><img loading=\"lazy\" decoding=\"async\" class=\"aligncenter size-medium wp-image-8820\" src=\"https:\/\/www.nvssf.com\/forbundet\/wp-content\/uploads\/2020\/05\/s4anNyLogga-300x65.png\" alt=\"Schackfyran logo\" width=\"300\" height=\"65\" srcset=\"https:\/\/www.nvssf.com\/forbundet\/wp-content\/uploads\/2020\/05\/s4anNyLogga-300x65.png 300w, https:\/\/www.nvssf.com\/forbundet\/wp-content\/uploads\/2020\/05\/s4anNyLogga-150x32.png 150w, https:\/\/www.nvssf.com\/forbundet\/wp-content\/uploads\/2020\/05\/s4anNyLogga-500x108.png 500w, https:\/\/www.nvssf.com\/forbundet\/wp-content\/uploads\/2020\/05\/s4anNyLogga.png 554w\" sizes=\"(max-width: 300px) 100vw, 300px\" \/><\/a>Idag den 13:e maj med start kl 11.00 spelas riksfinalen f\u00f6r skolt\u00e4vlingen schackfyran p\u00e5 Helsingborgs Arena. De deltagande klasserna har kvalificerat sig genom att placerat sig h\u00f6gt i sina distriktskval. 52 klasser med cirka 1200 fj\u00e4rdeklassare kommer att t\u00e4vla idag.<\/p>\n<p>Resultat ifr\u00e5n t\u00e4vlingen kan man f\u00f6lja l\u00f6pande <a href=\"https:\/\/riksfinal.myklebust.se\/resultat2.html\" target=\"_blank\" rel=\"noopener\">h\u00e4r.<\/a><\/p>\n<p>Lite mer info om t\u00e4vlingen schackfyran hittar du h\u00e4r: <a href=\"https:\/\/schack.se\/schackfyran\/\" target=\"_blank\" rel=\"noopener\">https:\/\/schack.se\/schackfyran\/<\/a><\/p>\n<div id=\"attachment_13039\" style=\"width: 788px\" class=\"wp-caption aligncenter\"><a href=\"https:\/\/www.nvssf.com\/forbundet\/wp-content\/uploads\/2023\/05\/webbriggadSpellokalS4anHBGschackfyran.jpg\"><img loading=\"lazy\" decoding=\"async\" aria-describedby=\"caption-attachment-13039\" class=\"size-full wp-image-13039\" src=\"https:\/\/www.nvssf.com\/forbundet\/wp-content\/uploads\/2023\/05\/webbriggadSpellokalS4anHBGschackfyran.jpg\" alt=\"\" width=\"778\" height=\"584\" \/><\/a><p id=\"caption-attachment-13039\" class=\"wp-caption-text\">Foto: Mike Wall. Helsingborgs arena redo f\u00f6r att ta emot 1200 fj\u00e4rdeklassare.<\/p><\/div>\n","protected":false},"excerpt":{"rendered":"<p>Idag den 13:e maj med start kl 11.00 spelas riksfinalen f\u00f6r skolt\u00e4vlingen schackfyran p\u00e5 Helsingborgs Arena. De deltagande klasserna har kvalificerat sig genom att placerat sig h\u00f6gt i sina distriktskval. 52 klasser med cirka 1200 fj\u00e4rdeklassare kommer att t\u00e4vla idag. &hellip; <a href=\"https:\/\/www.nvssf.com\/forbundet\/idag-smaller-det-riksfinalen-i-schackfyran-spelas-pa-helsingborgs-arena\/\">Forts\u00e4tt l\u00e4sa <span class=\"meta-nav\">&rarr;<\/span><\/a><\/p>\n","protected":false},"author":2,"featured_media":0,"comment_status":"open","ping_status":"open","sticky":false,"template":"","format":"standard","meta":{"_acf_changed":false,"footnotes":""},"categories":[94,4,16],"tags":[],"acf":[],"_links":{"self":[{"href":"https:\/\/www.nvssf.com\/forbundet\/wp-json\/wp\/v2\/posts\/13037"}],"collection":[{"href":"https:\/\/www.nvssf.com\/forbundet\/wp-json\/wp\/v2\/posts"}],"about":[{"href":"https:\/\/www.nvssf.com\/forbundet\/wp-json\/wp\/v2\/types\/post"}],"author":[{"embeddable":true,"href":"https:\/\/www.nvssf.com\/forbundet\/wp-json\/wp\/v2\/users\/2"}],"replies":[{"embeddable":true,"href":"https:\/\/www.nvssf.com\/forbundet\/wp-json\/wp\/v2\/comments?post=13037"}],"version-history":[{"count":2,"href":"https:\/\/www.nvssf.com\/forbundet\/wp-json\/wp\/v2\/posts\/13037\/revisions"}],"predecessor-version":[{"id":13040,"href":"https:\/\/www.nvssf.com\/forbundet\/wp-json\/wp\/v2\/posts\/13037\/revisions\/13040"}],"wp:attachment":[{"href":"https:\/\/www.nvssf.com\/forbundet\/wp-json\/wp\/v2\/media?parent=13037"}],"wp:term":[{"taxonomy":"category","embeddable":true,"href":"https:\/\/www.nvssf.com\/forbundet\/wp-json\/wp\/v2\/categories?post=13037"},{"taxonomy":"post_tag","embeddable":true,"href":"https:\/\/www.nvssf.com\/forbundet\/wp-json\/wp\/v2\/tags?post=13037"}],"curies":[{"name":"wp","href":"https:\/\/api.w.org\/{rel}","templated":true}]}}