{"id":13047,"date":"2023-05-14T10:46:48","date_gmt":"2023-05-14T08:46:48","guid":{"rendered":"https:\/\/www.nvssf.com\/forbundet\/?p=13047"},"modified":"2023-05-14T10:46:48","modified_gmt":"2023-05-14T08:46:48","slug":"amator-vm-pa-kos","status":"publish","type":"post","link":"https:\/\/www.nvssf.com\/forbundet\/amator-vm-pa-kos\/","title":{"rendered":"Amat\u00f6r-VM p\u00e5 Kos"},"content":{"rendered":"<p>Mikael Svensson ifr\u00e5n Landskrona SK deltar i <a href=\"https:\/\/www.amateurchess.com\/past-events\/aco-2023-world-amateur-chess-championship\" target=\"_blank\" rel=\"noopener\">World Amateur Chess Championship<\/a> som spelas p\u00e5 den grekiska \u00f6n Kos. T\u00e4vlingen spelas den 12 &#8211; 19 maj. Micke har startat med 2 av 3.<\/p>\n<p>Sammanlagt fem svenskar deltar:<\/p>\n<pre>Namn\t       Nation\tRating\r\nSvensson,Mikael\tSWE\t2112\tGroup B\r\nCarlsten,Peter\tSWE\t1959\tGroup C\r\nSundman,Gunnar\tSWE\t1741\tGroup D\r\nCarlsten,Bj\u00f6rn\tSWE\t0\tGroup G\r\nCarlsten,Tomas\tSWE\t0\tGroup G\r\n<\/pre>\n<p>| <a href=\"https:\/\/chess-results.com\/tnr766143.aspx?lan=6&amp;art=25&amp;fedb=SWE&amp;flag=30\" target=\"_blank\" rel=\"noopener\">chess-results<\/a> |<\/p>\n","protected":false},"excerpt":{"rendered":"<p>Mikael Svensson ifr\u00e5n Landskrona SK deltar i World Amateur Chess Championship som spelas p\u00e5 den grekiska \u00f6n Kos. T\u00e4vlingen spelas den 12 &#8211; 19 maj. Micke har startat med 2 av 3. Sammanlagt fem svenskar deltar: Namn Nation Rating Svensson,Mikael &hellip; <a href=\"https:\/\/www.nvssf.com\/forbundet\/amator-vm-pa-kos\/\">Forts\u00e4tt l\u00e4sa <span class=\"meta-nav\">&rarr;<\/span><\/a><\/p>\n","protected":false},"author":2,"featured_media":0,"comment_status":"open","ping_status":"open","sticky":false,"template":"","format":"standard","meta":{"_acf_changed":false,"footnotes":""},"categories":[167],"tags":[45,166],"acf":[],"_links":{"self":[{"href":"https:\/\/www.nvssf.com\/forbundet\/wp-json\/wp\/v2\/posts\/13047"}],"collection":[{"href":"https:\/\/www.nvssf.com\/forbundet\/wp-json\/wp\/v2\/posts"}],"about":[{"href":"https:\/\/www.nvssf.com\/forbundet\/wp-json\/wp\/v2\/types\/post"}],"author":[{"embeddable":true,"href":"https:\/\/www.nvssf.com\/forbundet\/wp-json\/wp\/v2\/users\/2"}],"replies":[{"embeddable":true,"href":"https:\/\/www.nvssf.com\/forbundet\/wp-json\/wp\/v2\/comments?post=13047"}],"version-history":[{"count":1,"href":"https:\/\/www.nvssf.com\/forbundet\/wp-json\/wp\/v2\/posts\/13047\/revisions"}],"predecessor-version":[{"id":13048,"href":"https:\/\/www.nvssf.com\/forbundet\/wp-json\/wp\/v2\/posts\/13047\/revisions\/13048"}],"wp:attachment":[{"href":"https:\/\/www.nvssf.com\/forbundet\/wp-json\/wp\/v2\/media?parent=13047"}],"wp:term":[{"taxonomy":"category","embeddable":true,"href":"https:\/\/www.nvssf.com\/forbundet\/wp-json\/wp\/v2\/categories?post=13047"},{"taxonomy":"post_tag","embeddable":true,"href":"https:\/\/www.nvssf.com\/forbundet\/wp-json\/wp\/v2\/tags?post=13047"}],"curies":[{"name":"wp","href":"https:\/\/api.w.org\/{rel}","templated":true}]}}