{"id":13136,"date":"2023-06-07T12:16:31","date_gmt":"2023-06-07T10:16:31","guid":{"rendered":"https:\/\/www.nvssf.com\/forbundet\/?p=13136"},"modified":"2023-06-07T13:27:17","modified_gmt":"2023-06-07T11:27:17","slug":"minnen-ifran-sm-1991-i-helsingborg","status":"publish","type":"post","link":"https:\/\/www.nvssf.com\/forbundet\/minnen-ifran-sm-1991-i-helsingborg\/","title":{"rendered":"Minnen ifr\u00e5n SM 1991 i Helsingborg"},"content":{"rendered":"<p>En av mina v\u00e4nner p\u00e5 Facebook deltog i SM-gruppen, deltagarna i denna grupp spelar om SM titlen, 1991 n\u00e4r SM gick i Helsingborg. Jag har ofta lagt m\u00e4rke till att han \u00e4r en flyh\u00e4nt skribent som skriver underh\u00e5llande s\u00e5 en id\u00e9 har grott hos mig ganska s\u00e5 l\u00e4nge: &#8221;-Man kanske skulle f\u00e5 Herr X och skriva n\u00e5got Schack-SM 1991 nu n\u00e4r det \u00e5terigen \u00e4r aktuellt <em>(*\u00e5rets SM startar den 29 juni) <\/em>med ett SM i Helsingborg.&#8221;<\/p>\n<p>Sagt och gjort, en f\u00f6rfr\u00e5gan skickades och Mr X gav ett positivt svar och nu \u00e4r det dags att publicera hans text. L\u00e4s bland annat om hur en v\u00e4rldsm\u00e4stare intresserat f\u00f6ljde ett av Mr X partier. L\u00e4s hans text <a href=\"https:\/\/www.nvssf.com\/forbundet\/mrx-minnen-ifran-sm-1991\/\">h\u00e4r<\/a> och f\u00e5 samtidigt reda p\u00e5 hans identitet.<\/p>\n","protected":false},"excerpt":{"rendered":"<p>En av mina v\u00e4nner p\u00e5 Facebook deltog i SM-gruppen, deltagarna i denna grupp spelar om SM titlen, 1991 n\u00e4r SM gick i Helsingborg. Jag har ofta lagt m\u00e4rke till att han \u00e4r en flyh\u00e4nt skribent som skriver underh\u00e5llande s\u00e5 en &hellip; <a href=\"https:\/\/www.nvssf.com\/forbundet\/minnen-ifran-sm-1991-i-helsingborg\/\">Forts\u00e4tt l\u00e4sa <span class=\"meta-nav\">&rarr;<\/span><\/a><\/p>\n","protected":false},"author":2,"featured_media":0,"comment_status":"open","ping_status":"open","sticky":false,"template":"","format":"standard","meta":{"_acf_changed":false,"footnotes":""},"categories":[14],"tags":[244,242],"acf":[],"_links":{"self":[{"href":"https:\/\/www.nvssf.com\/forbundet\/wp-json\/wp\/v2\/posts\/13136"}],"collection":[{"href":"https:\/\/www.nvssf.com\/forbundet\/wp-json\/wp\/v2\/posts"}],"about":[{"href":"https:\/\/www.nvssf.com\/forbundet\/wp-json\/wp\/v2\/types\/post"}],"author":[{"embeddable":true,"href":"https:\/\/www.nvssf.com\/forbundet\/wp-json\/wp\/v2\/users\/2"}],"replies":[{"embeddable":true,"href":"https:\/\/www.nvssf.com\/forbundet\/wp-json\/wp\/v2\/comments?post=13136"}],"version-history":[{"count":4,"href":"https:\/\/www.nvssf.com\/forbundet\/wp-json\/wp\/v2\/posts\/13136\/revisions"}],"predecessor-version":[{"id":13148,"href":"https:\/\/www.nvssf.com\/forbundet\/wp-json\/wp\/v2\/posts\/13136\/revisions\/13148"}],"wp:attachment":[{"href":"https:\/\/www.nvssf.com\/forbundet\/wp-json\/wp\/v2\/media?parent=13136"}],"wp:term":[{"taxonomy":"category","embeddable":true,"href":"https:\/\/www.nvssf.com\/forbundet\/wp-json\/wp\/v2\/categories?post=13136"},{"taxonomy":"post_tag","embeddable":true,"href":"https:\/\/www.nvssf.com\/forbundet\/wp-json\/wp\/v2\/tags?post=13136"}],"curies":[{"name":"wp","href":"https:\/\/api.w.org\/{rel}","templated":true}]}}