{"id":13459,"date":"2023-10-05T19:04:01","date_gmt":"2023-10-05T17:04:01","guid":{"rendered":"https:\/\/www.nvssf.com\/forbundet\/?p=13459"},"modified":"2023-10-05T19:04:01","modified_gmt":"2023-10-05T17:04:01","slug":"stor-trupp-ifran-helsingborgs-ask-till-skol-sm","status":"publish","type":"post","link":"https:\/\/www.nvssf.com\/forbundet\/stor-trupp-ifran-helsingborgs-ask-till-skol-sm\/","title":{"rendered":"Stor trupp ifr\u00e5n Helsingborgs ASK till Skol-SM"},"content":{"rendered":"<p><a href=\"https:\/\/www.nvssf.com\/forbundet\/wp-content\/uploads\/2023\/08\/skolsmlogga2023.png\"><img loading=\"lazy\" decoding=\"async\" class=\"aligncenter size-full wp-image-13246\" src=\"https:\/\/www.nvssf.com\/forbundet\/wp-content\/uploads\/2023\/08\/skolsmlogga2023.png\" alt=\"\" width=\"335\" height=\"114\" \/><\/a>Hela 12 spelare ifr\u00e5n <a href=\"https:\/\/hask.nu\/\" target=\"_blank\" rel=\"noopener\">Helsingborgs ASK<\/a> kommer att delta i Skol-SM i Uppsala som spelas 6 &#8211; 8 oktober. L\u00e4s vad ungdomsledare Eric Nordin skriver om spelarna p\u00e5 HASKs <a href=\"https:\/\/hask.nu\/2023\/09\/skol-sm-3\/\" target=\"_blank\" rel=\"noopener\">hemsida.<\/a><\/p>\n","protected":false},"excerpt":{"rendered":"<p>Hela 12 spelare ifr\u00e5n Helsingborgs ASK kommer att delta i Skol-SM i Uppsala som spelas 6 &#8211; 8 oktober. L\u00e4s vad ungdomsledare Eric Nordin skriver om spelarna p\u00e5 HASKs hemsida.<\/p>\n","protected":false},"author":2,"featured_media":0,"comment_status":"open","ping_status":"open","sticky":false,"template":"","format":"standard","meta":{"_acf_changed":false,"footnotes":""},"categories":[9,14],"tags":[],"acf":[],"_links":{"self":[{"href":"https:\/\/www.nvssf.com\/forbundet\/wp-json\/wp\/v2\/posts\/13459"}],"collection":[{"href":"https:\/\/www.nvssf.com\/forbundet\/wp-json\/wp\/v2\/posts"}],"about":[{"href":"https:\/\/www.nvssf.com\/forbundet\/wp-json\/wp\/v2\/types\/post"}],"author":[{"embeddable":true,"href":"https:\/\/www.nvssf.com\/forbundet\/wp-json\/wp\/v2\/users\/2"}],"replies":[{"embeddable":true,"href":"https:\/\/www.nvssf.com\/forbundet\/wp-json\/wp\/v2\/comments?post=13459"}],"version-history":[{"count":1,"href":"https:\/\/www.nvssf.com\/forbundet\/wp-json\/wp\/v2\/posts\/13459\/revisions"}],"predecessor-version":[{"id":13460,"href":"https:\/\/www.nvssf.com\/forbundet\/wp-json\/wp\/v2\/posts\/13459\/revisions\/13460"}],"wp:attachment":[{"href":"https:\/\/www.nvssf.com\/forbundet\/wp-json\/wp\/v2\/media?parent=13459"}],"wp:term":[{"taxonomy":"category","embeddable":true,"href":"https:\/\/www.nvssf.com\/forbundet\/wp-json\/wp\/v2\/categories?post=13459"},{"taxonomy":"post_tag","embeddable":true,"href":"https:\/\/www.nvssf.com\/forbundet\/wp-json\/wp\/v2\/tags?post=13459"}],"curies":[{"name":"wp","href":"https:\/\/api.w.org\/{rel}","templated":true}]}}