{"id":13478,"date":"2023-10-08T14:50:40","date_gmt":"2023-10-08T12:50:40","guid":{"rendered":"https:\/\/www.nvssf.com\/forbundet\/?p=13478"},"modified":"2023-10-09T20:51:22","modified_gmt":"2023-10-09T18:51:22","slug":"skol-sm-2023-ar-over","status":"publish","type":"post","link":"https:\/\/www.nvssf.com\/forbundet\/skol-sm-2023-ar-over\/","title":{"rendered":"Skol-SM 2023 \u00e4r \u00f6ver"},"content":{"rendered":"<p>Skol-SM 2023 kan l\u00e4ggas till handlingarna, t\u00e4vlingen avslutades idag den 8 oktober. 290 schackspelare lockades till Uppsala f\u00f6r att t\u00e4vla om titeln Svensk Skolm\u00e4stare i nio olika \u00e5ldersklasser.<\/p>\n<p>Som tidigare <a href=\"https:\/\/www.nvssf.com\/forbundet\/stor-trupp-ifran-helsingborgs-ask-till-skol-sm\/\">har n\u00e4mnts p\u00e5 denna sida<\/a> s\u00e5 deltog tolv spelare ifr\u00e5n Helsingborgs ASK. Jag n\u00f6jer mig med att n\u00e4mna de tre b\u00e4st placerade HASK:arna plus ett hedersomn\u00e4mnande (se bilden sist i denna nyhet). Observera att flera av de som inte\u00a0 omn\u00e4mns h\u00e4r gjorde en bra turnering med plus p\u00e5 rankingkontot.<\/p>\n<p>Jag \u00e4r dessutom \u00f6vertygad om att alla HASK:arna<!--more--> hade mycket kul denna helg s\u00e5 egentligen \u00e4r alla vinnare!<\/p>\n<p>En 6:e plats var den b\u00e4sta placeringen som en Helsingborgare tog med sig hem. Det var <strong>Sion Nivstrand Wikdahl<\/strong> i Grupp H (9 \u00e5r). \u00c4ven tv\u00e5 sjundeplatser plockades med hem till Nordv\u00e4stra Sk\u00e5ne: <strong>Tudor Butuc<\/strong> Grupp G (10 \u00e5r) och <strong>Egil Berling<\/strong> Grupp D (13 \u00e5r).<\/p>\n<p>H\u00e5ll utkik p\u00e5 Helsingborgs ASK hemsida s\u00e5 \u00e4r jag \u00f6vertygad om att de n\u00e4rmaste dagarna kommer ett inl\u00e4gg om HASKarnas insats i Uppsala signerat\u00a0<strong>Eric Nordin<\/strong>. Han k\u00e4nner till spelarna mycket b\u00e4ttre \u00e4n jag och \u00e4r d\u00e4rmed b\u00e4st l\u00e4mpad f\u00f6r att bed\u00f6ma insatsen i Uppsala.<\/p>\n<p>| <a href=\"https:\/\/member.schack.se\/ShowTournamentServlet?id=12452\" target=\"_blank\" rel=\"noopener\">Resultat Skol-SM 2023<\/a> |<\/p>\n<div id=\"attachment_13477\" style=\"width: 460px\" class=\"wp-caption alignleft\"><a href=\"https:\/\/www.nvssf.com\/forbundet\/wp-content\/uploads\/2023\/10\/AhmadAbdulkaderSkolSM2023.jpg\"><img loading=\"lazy\" decoding=\"async\" aria-describedby=\"caption-attachment-13477\" class=\"size-full wp-image-13477\" src=\"https:\/\/www.nvssf.com\/forbundet\/wp-content\/uploads\/2023\/10\/AhmadAbdulkaderSkolSM2023.jpg\" alt=\"Ahmad Abdulkader, Helsingborgs ASK, Skol-SM 2023\" width=\"450\" height=\"283\" \/><\/a><p id=\"caption-attachment-13477\" class=\"wp-caption-text\">Ahmad Abdulkader, Skol-SM 2023. Ahmad \u00e4r utan konkurrens den spelare med mest spelgl\u00e4dje i Helsingborgs ASK. Han fullst\u00e4ndigt frustar av energi n\u00e4r han sl\u00e4pps fram till br\u00e4det! Han kom p\u00e5 16:e plats i den tuffa A-gruppen. Hans breda leende beror s\u00e4kert p\u00e5 att han kunde inkassera 23 ELO-po\u00e4ng till sitt snabbschackskonto. <br \/>Foto: Lars OA Hedlund\/Sveriges Schackf\u00f6rbund<\/p><\/div>\n<p>&nbsp;<\/p>\n<p>&nbsp;<\/p>\n<p>&nbsp;<\/p>\n","protected":false},"excerpt":{"rendered":"<p>Skol-SM 2023 kan l\u00e4ggas till handlingarna, t\u00e4vlingen avslutades idag den 8 oktober. 290 schackspelare lockades till Uppsala f\u00f6r att t\u00e4vla om titeln Svensk Skolm\u00e4stare i nio olika \u00e5ldersklasser. Som tidigare har n\u00e4mnts p\u00e5 denna sida s\u00e5 deltog tolv spelare ifr\u00e5n &hellip; <a href=\"https:\/\/www.nvssf.com\/forbundet\/skol-sm-2023-ar-over\/\">Forts\u00e4tt l\u00e4sa <span class=\"meta-nav\">&rarr;<\/span><\/a><\/p>\n","protected":false},"author":2,"featured_media":0,"comment_status":"open","ping_status":"open","sticky":false,"template":"","format":"standard","meta":{"_acf_changed":false,"footnotes":""},"categories":[9,14],"tags":[41,251],"acf":[],"_links":{"self":[{"href":"https:\/\/www.nvssf.com\/forbundet\/wp-json\/wp\/v2\/posts\/13478"}],"collection":[{"href":"https:\/\/www.nvssf.com\/forbundet\/wp-json\/wp\/v2\/posts"}],"about":[{"href":"https:\/\/www.nvssf.com\/forbundet\/wp-json\/wp\/v2\/types\/post"}],"author":[{"embeddable":true,"href":"https:\/\/www.nvssf.com\/forbundet\/wp-json\/wp\/v2\/users\/2"}],"replies":[{"embeddable":true,"href":"https:\/\/www.nvssf.com\/forbundet\/wp-json\/wp\/v2\/comments?post=13478"}],"version-history":[{"count":6,"href":"https:\/\/www.nvssf.com\/forbundet\/wp-json\/wp\/v2\/posts\/13478\/revisions"}],"predecessor-version":[{"id":13485,"href":"https:\/\/www.nvssf.com\/forbundet\/wp-json\/wp\/v2\/posts\/13478\/revisions\/13485"}],"wp:attachment":[{"href":"https:\/\/www.nvssf.com\/forbundet\/wp-json\/wp\/v2\/media?parent=13478"}],"wp:term":[{"taxonomy":"category","embeddable":true,"href":"https:\/\/www.nvssf.com\/forbundet\/wp-json\/wp\/v2\/categories?post=13478"},{"taxonomy":"post_tag","embeddable":true,"href":"https:\/\/www.nvssf.com\/forbundet\/wp-json\/wp\/v2\/tags?post=13478"}],"curies":[{"name":"wp","href":"https:\/\/api.w.org\/{rel}","templated":true}]}}