{"id":13544,"date":"2023-10-14T16:18:15","date_gmt":"2023-10-14T14:18:15","guid":{"rendered":"https:\/\/www.nvssf.com\/forbundet\/?p=13544"},"modified":"2023-10-17T16:50:47","modified_gmt":"2023-10-17T14:50:47","slug":"conny-holst-fick-pia-cramlings-pris-2023","status":"publish","type":"post","link":"https:\/\/www.nvssf.com\/forbundet\/conny-holst-fick-pia-cramlings-pris-2023\/","title":{"rendered":"Conny Holst fick Pia Cramlings pris 2023"},"content":{"rendered":"<div id=\"attachment_13549\" style=\"width: 510px\" class=\"wp-caption aligncenter\"><a href=\"https:\/\/www.nvssf.com\/forbundet\/wp-content\/uploads\/2023\/10\/webbConnyHolstPiaCramlingpriset2023fotoStefanHakansson.jpg\"><img loading=\"lazy\" decoding=\"async\" aria-describedby=\"caption-attachment-13549\" class=\"size-full wp-image-13549\" src=\"https:\/\/www.nvssf.com\/forbundet\/wp-content\/uploads\/2023\/10\/webbConnyHolstPiaCramlingpriset2023fotoStefanHakansson.jpg\" alt=\"Conny Holst f\u00e5r Pia Cramling priset.\" width=\"500\" height=\"375\" \/><\/a><p id=\"caption-attachment-13549\" class=\"wp-caption-text\">Inf\u00f6r starten av rond 2 idag av sammandraget Elitserien\/Superettan i Norrk\u00f6ping tilldelades Conny Holst Pia Cramlings pris 2023.<br \/>Conny flankeras av Pia Cramling (till v\u00e4nster) och Ordf\u00f6rande i SSF H\u00e5kan Jalling. Foto: Stefan H\u00e5kansson.<\/p><\/div>\n<p>Ett k\u00e4nt ansikte i nordv\u00e4stra Sk\u00e5ne \u00e4r juniortr\u00e4naren i Limhamns SK <strong>Conny Holst<\/strong>. Otaliga g\u00e5nger \u00e4r det han har varit p\u00e5 bes\u00f6k h\u00e4r och t\u00e4vlat med Limhamns juniorspelare och han har sj\u00e4lv spelat m\u00e5nga allsvenska matcher h\u00e4r mot klubblag ifr\u00e5n distriktet.<\/p>\n<p>De senaste \u00e5ren har Conny och Limhamns SK f\u00e5tt en v\u00e4ldig tillstr\u00f6mning av tjejer som spelar i klubben. F\u00f6r den satsningen tilldelades han <strong>Pia Cramlings Pris<\/strong> idag i Norrk\u00f6ping. Ett mycket v\u00e4lf\u00f6rtj\u00e4nt pris! Vad passar inte d\u00e5 b\u00e4ttre \u00e4n att Conny och hans klubb arrangerar <a href=\"https:\/\/www.nvssf.com\/forbundet\/wp-content\/uploads\/2023\/09\/flicksm2024_2.pdf\" target=\"_blank\" rel=\"noopener\">Flick-SM<\/a> i Malm\u00f6 den 19 &#8211; 21 januari?<\/p>\n<div id=\"attachment_13556\" style=\"width: 360px\" class=\"wp-caption aligncenter\"><a href=\"https:\/\/www.nvssf.com\/forbundet\/wp-content\/uploads\/2023\/10\/webbpiamedaljenFotoHakanJalling.jpg\"><img loading=\"lazy\" decoding=\"async\" aria-describedby=\"caption-attachment-13556\" class=\"size-full wp-image-13556\" src=\"https:\/\/www.nvssf.com\/forbundet\/wp-content\/uploads\/2023\/10\/webbpiamedaljenFotoHakanJalling.jpg\" alt=\"Pia medaljen\" width=\"350\" height=\"263\" \/><\/a><p id=\"caption-attachment-13556\" class=\"wp-caption-text\">Piamedaljen som tilldelades Conny Holst 2023. Foto: H\u00e5kan Jalling<\/p><\/div>\n<p><strong>Pia Cramling<\/strong> \u00e4r Sveriges mest framst\u00e5ende damspelare genom tiderna. L\u00e4s mer om henne p\u00e5 Wikipedia: <a href=\"https:\/\/sv.wikipedia.org\/wiki\/Pia_Cramling\" target=\"_blank\" rel=\"noopener\">https:\/\/sv.wikipedia.org\/wiki\/Pia_Cramling<\/a><\/p>\n","protected":false},"excerpt":{"rendered":"<p>Ett k\u00e4nt ansikte i nordv\u00e4stra Sk\u00e5ne \u00e4r juniortr\u00e4naren i Limhamns SK Conny Holst. Otaliga g\u00e5nger \u00e4r det han har varit p\u00e5 bes\u00f6k h\u00e4r och t\u00e4vlat med Limhamns juniorspelare och han har sj\u00e4lv spelat m\u00e5nga allsvenska matcher h\u00e4r mot klubblag ifr\u00e5n &hellip; <a href=\"https:\/\/www.nvssf.com\/forbundet\/conny-holst-fick-pia-cramlings-pris-2023\/\">Forts\u00e4tt l\u00e4sa <span class=\"meta-nav\">&rarr;<\/span><\/a><\/p>\n","protected":false},"author":2,"featured_media":0,"comment_status":"open","ping_status":"open","sticky":false,"template":"","format":"standard","meta":{"_acf_changed":false,"footnotes":""},"categories":[8,13,137,139],"tags":[256,257],"acf":[],"_links":{"self":[{"href":"https:\/\/www.nvssf.com\/forbundet\/wp-json\/wp\/v2\/posts\/13544"}],"collection":[{"href":"https:\/\/www.nvssf.com\/forbundet\/wp-json\/wp\/v2\/posts"}],"about":[{"href":"https:\/\/www.nvssf.com\/forbundet\/wp-json\/wp\/v2\/types\/post"}],"author":[{"embeddable":true,"href":"https:\/\/www.nvssf.com\/forbundet\/wp-json\/wp\/v2\/users\/2"}],"replies":[{"embeddable":true,"href":"https:\/\/www.nvssf.com\/forbundet\/wp-json\/wp\/v2\/comments?post=13544"}],"version-history":[{"count":13,"href":"https:\/\/www.nvssf.com\/forbundet\/wp-json\/wp\/v2\/posts\/13544\/revisions"}],"predecessor-version":[{"id":13570,"href":"https:\/\/www.nvssf.com\/forbundet\/wp-json\/wp\/v2\/posts\/13544\/revisions\/13570"}],"wp:attachment":[{"href":"https:\/\/www.nvssf.com\/forbundet\/wp-json\/wp\/v2\/media?parent=13544"}],"wp:term":[{"taxonomy":"category","embeddable":true,"href":"https:\/\/www.nvssf.com\/forbundet\/wp-json\/wp\/v2\/categories?post=13544"},{"taxonomy":"post_tag","embeddable":true,"href":"https:\/\/www.nvssf.com\/forbundet\/wp-json\/wp\/v2\/tags?post=13544"}],"curies":[{"name":"wp","href":"https:\/\/api.w.org\/{rel}","templated":true}]}}