{"id":13675,"date":"2023-11-01T16:00:18","date_gmt":"2023-11-01T15:00:18","guid":{"rendered":"https:\/\/www.nvssf.com\/forbundet\/?p=13675"},"modified":"2023-11-01T16:02:38","modified_gmt":"2023-11-01T15:02:38","slug":"caissa-open-mellan-och-hogstadiet","status":"publish","type":"post","link":"https:\/\/www.nvssf.com\/forbundet\/caissa-open-mellan-och-hogstadiet\/","title":{"rendered":"Caissa Open: Mellan och H\u00f6gstadiet"},"content":{"rendered":"<p><a href=\"http:\/\/www.malmoschack.se\/\"><img loading=\"lazy\" decoding=\"async\" class=\"alignleft size-thumbnail wp-image-10729\" src=\"https:\/\/www.nvssf.com\/forbundet\/wp-content\/uploads\/2021\/12\/MsfLOGOnewSmallWhiteBackground-150x150.jpg\" alt=\"\" width=\"150\" height=\"150\" srcset=\"https:\/\/www.nvssf.com\/forbundet\/wp-content\/uploads\/2021\/12\/MsfLOGOnewSmallWhiteBackground-150x150.jpg 150w, https:\/\/www.nvssf.com\/forbundet\/wp-content\/uploads\/2021\/12\/MsfLOGOnewSmallWhiteBackground.jpg 250w\" sizes=\"(max-width: 150px) 100vw, 150px\" \/><\/a>Idag fortsatte Malm\u00f6 Schackf\u00f6rbunds skolschacks t\u00e4vling <strong>Caissa Open<\/strong>. Ig\u00e5r avklarades l\u00e5gstadieklassen. D\u00e5 var det allts\u00e5 dags f\u00f6r mellan- och h\u00f6gstadiet idag.<\/p>\n<p>Nordv\u00e4stra sk\u00e5ne fick till \u00e4nnu ett fint resultat idag (<strong>Sion Nivstrand Wikdahl<\/strong> kom <a href=\"https:\/\/www.nvssf.com\/forbundet\/caissa-open-2023-lagstadiet\/\" target=\"_blank\" rel=\"noopener\">2:a i l\u00e5gstadieklassen ig\u00e5r<\/a>) d\u00e5 <strong>Alex Henriksen<\/strong>, Helsingborgs ASK placerades \u00f6verst p\u00e5 prispallen i mellanstadieklassen f\u00f6re 20-talet medt\u00e4vlare. En riktig fulltr\u00e4ff av Alex. Bra jobbat!<\/p>\n<p>\u00c4ven <strong>Suchit Palla<\/strong> spelade bra idag och hamnade p\u00e5 en delad 6 &#8211; 8 plats i samma klass som Alex. Suchit spelar \u00e4ven han f\u00f6r Helsingborgs ASK. I h\u00f6gstadieklassen hade nordv\u00e4stra sk\u00e5ne inget deltagande.<\/p>\n<p>Fullst\u00e4ndiga slutst\u00e4llningar kommer att finnas p\u00e5 f\u00f6ljande sida <a href=\"https:\/\/www.nvssf.com\/forbundet\/resultat\/resultat-2023\/caissa-open\/\">https:\/\/www.nvssf.com\/forbundet\/resultat\/resultat-2023\/caissa-open\/<\/a> n\u00e4r de publicerats av arrang\u00f6ren och undertecknad hunnit l\u00e4gga in dom. L\u00e5gstadieklassen finns redan p\u00e5 den sidan.<\/p>\n<p>&nbsp;<\/p>\n","protected":false},"excerpt":{"rendered":"<p>Idag fortsatte Malm\u00f6 Schackf\u00f6rbunds skolschacks t\u00e4vling Caissa Open. Ig\u00e5r avklarades l\u00e5gstadieklassen. D\u00e5 var det allts\u00e5 dags f\u00f6r mellan- och h\u00f6gstadiet idag. Nordv\u00e4stra sk\u00e5ne fick till \u00e4nnu ett fint resultat idag (Sion Nivstrand Wikdahl kom 2:a i l\u00e5gstadieklassen ig\u00e5r) d\u00e5 Alex &hellip; <a href=\"https:\/\/www.nvssf.com\/forbundet\/caissa-open-mellan-och-hogstadiet\/\">Forts\u00e4tt l\u00e4sa <span class=\"meta-nav\">&rarr;<\/span><\/a><\/p>\n","protected":false},"author":2,"featured_media":0,"comment_status":"open","ping_status":"open","sticky":false,"template":"","format":"standard","meta":{"_acf_changed":false,"footnotes":""},"categories":[258,14],"tags":[40],"acf":[],"_links":{"self":[{"href":"https:\/\/www.nvssf.com\/forbundet\/wp-json\/wp\/v2\/posts\/13675"}],"collection":[{"href":"https:\/\/www.nvssf.com\/forbundet\/wp-json\/wp\/v2\/posts"}],"about":[{"href":"https:\/\/www.nvssf.com\/forbundet\/wp-json\/wp\/v2\/types\/post"}],"author":[{"embeddable":true,"href":"https:\/\/www.nvssf.com\/forbundet\/wp-json\/wp\/v2\/users\/2"}],"replies":[{"embeddable":true,"href":"https:\/\/www.nvssf.com\/forbundet\/wp-json\/wp\/v2\/comments?post=13675"}],"version-history":[{"count":5,"href":"https:\/\/www.nvssf.com\/forbundet\/wp-json\/wp\/v2\/posts\/13675\/revisions"}],"predecessor-version":[{"id":13680,"href":"https:\/\/www.nvssf.com\/forbundet\/wp-json\/wp\/v2\/posts\/13675\/revisions\/13680"}],"wp:attachment":[{"href":"https:\/\/www.nvssf.com\/forbundet\/wp-json\/wp\/v2\/media?parent=13675"}],"wp:term":[{"taxonomy":"category","embeddable":true,"href":"https:\/\/www.nvssf.com\/forbundet\/wp-json\/wp\/v2\/categories?post=13675"},{"taxonomy":"post_tag","embeddable":true,"href":"https:\/\/www.nvssf.com\/forbundet\/wp-json\/wp\/v2\/tags?post=13675"}],"curies":[{"name":"wp","href":"https:\/\/api.w.org\/{rel}","templated":true}]}}