{"id":13701,"date":"2023-11-03T10:41:32","date_gmt":"2023-11-03T09:41:32","guid":{"rendered":"https:\/\/www.nvssf.com\/forbundet\/?p=13701"},"modified":"2023-11-04T07:50:59","modified_gmt":"2023-11-04T06:50:59","slug":"direktsandning-ifran-stockholm-grand-prix","status":"publish","type":"post","link":"https:\/\/www.nvssf.com\/forbundet\/direktsandning-ifran-stockholm-grand-prix\/","title":{"rendered":"Direkts\u00e4ndning ifr\u00e5n Stockholm Grand Prix"},"content":{"rendered":"<p><a href=\"https:\/\/www.nvssf.com\/forbundet\/wp-content\/uploads\/2017\/09\/svensktGP_neutral.png\"><img loading=\"lazy\" decoding=\"async\" class=\"aligncenter size-thumbnail wp-image-4915\" src=\"https:\/\/www.nvssf.com\/forbundet\/wp-content\/uploads\/2017\/09\/svensktGP_neutral-150x150.png\" alt=\"\" width=\"150\" height=\"150\" \/><\/a><br \/>\n<a href=\"https:\/\/www.nvssf.com\/forbundet\/wp-content\/uploads\/2017\/05\/liveGamesWebb.png\"><img loading=\"lazy\" decoding=\"async\" class=\"alignleft size-thumbnail wp-image-4426\" src=\"https:\/\/www.nvssf.com\/forbundet\/wp-content\/uploads\/2017\/05\/liveGamesWebb-150x150.png\" alt=\"\" width=\"150\" height=\"150\" \/><\/a>Det blir b\u00e5de lives\u00e4ndning av partier och livekommentering ifr\u00e5n <a href=\"https:\/\/schack.se\/nyhet\/sverige\/2023\/11\/landslagsspelare-vill-toppa-formen-i-stockholm-grand-prix\/\" target=\"_blank\" rel=\"noopener\">Stockholm Grand Prix<\/a>. Rond 1 startar ikv\u00e4ll kl 18.30.<\/p>\n<p>Partierna kan f\u00f6ljas p\u00e5 <a href=\"https:\/\/lichess.org\/broadcast\/stockholm-gp-by-elite-hotels-2023\/enU6iKI0\" target=\"_blank\" rel=\"noopener\">lichess<\/a>. Lottning och resultat hittar du <a href=\"https:\/\/member.schack.se\/ShowTournamentServlet?id=11910\" target=\"_blank\" rel=\"noopener\">h\u00e4r.<\/a><\/p>\n<p>Direkt ifr\u00e5n Bryssel kommenterar den fruktade <strong>Max Wahlund<\/strong>. Han blev <a href=\"https:\/\/member.schack.se\/ShowTournamentServlet?id=11470&amp;listingtype=2&amp;hideclasses=true\" target=\"_blank\" rel=\"noopener\">Veteranm\u00e4stare i +50 klassen<\/a> i somras n\u00e4r SM spelades i Sundets P\u00e4rla. Han kommer att kommentera l\u00e5ngpartierna (rond 5 &#8211; 8) l\u00f6rdag och s\u00f6ndag p\u00e5 sin youtube kanal <a href=\"https:\/\/www.youtube.com\/@maxwahlund3235\" target=\"_blank\" rel=\"noopener\">https:\/\/www.youtube.com\/@maxwahlund3235<\/a><\/p>\n","protected":false},"excerpt":{"rendered":"<p>Det blir b\u00e5de lives\u00e4ndning av partier och livekommentering ifr\u00e5n Stockholm Grand Prix. Rond 1 startar ikv\u00e4ll kl 18.30. Partierna kan f\u00f6ljas p\u00e5 lichess. Lottning och resultat hittar du h\u00e4r. Direkt ifr\u00e5n Bryssel kommenterar den fruktade Max Wahlund. Han blev Veteranm\u00e4stare &hellip; <a href=\"https:\/\/www.nvssf.com\/forbundet\/direktsandning-ifran-stockholm-grand-prix\/\">Forts\u00e4tt l\u00e4sa <span class=\"meta-nav\">&rarr;<\/span><\/a><\/p>\n","protected":false},"author":2,"featured_media":0,"comment_status":"open","ping_status":"open","sticky":false,"template":"","format":"standard","meta":{"_acf_changed":false,"footnotes":""},"categories":[14,91],"tags":[265],"acf":[],"_links":{"self":[{"href":"https:\/\/www.nvssf.com\/forbundet\/wp-json\/wp\/v2\/posts\/13701"}],"collection":[{"href":"https:\/\/www.nvssf.com\/forbundet\/wp-json\/wp\/v2\/posts"}],"about":[{"href":"https:\/\/www.nvssf.com\/forbundet\/wp-json\/wp\/v2\/types\/post"}],"author":[{"embeddable":true,"href":"https:\/\/www.nvssf.com\/forbundet\/wp-json\/wp\/v2\/users\/2"}],"replies":[{"embeddable":true,"href":"https:\/\/www.nvssf.com\/forbundet\/wp-json\/wp\/v2\/comments?post=13701"}],"version-history":[{"count":6,"href":"https:\/\/www.nvssf.com\/forbundet\/wp-json\/wp\/v2\/posts\/13701\/revisions"}],"predecessor-version":[{"id":13707,"href":"https:\/\/www.nvssf.com\/forbundet\/wp-json\/wp\/v2\/posts\/13701\/revisions\/13707"}],"wp:attachment":[{"href":"https:\/\/www.nvssf.com\/forbundet\/wp-json\/wp\/v2\/media?parent=13701"}],"wp:term":[{"taxonomy":"category","embeddable":true,"href":"https:\/\/www.nvssf.com\/forbundet\/wp-json\/wp\/v2\/categories?post=13701"},{"taxonomy":"post_tag","embeddable":true,"href":"https:\/\/www.nvssf.com\/forbundet\/wp-json\/wp\/v2\/tags?post=13701"}],"curies":[{"name":"wp","href":"https:\/\/api.w.org\/{rel}","templated":true}]}}