{"id":13744,"date":"2023-11-06T13:00:24","date_gmt":"2023-11-06T12:00:24","guid":{"rendered":"https:\/\/www.nvssf.com\/forbundet\/?p=13744"},"modified":"2023-11-06T12:37:25","modified_gmt":"2023-11-06T11:37:25","slug":"egil-blixtrade-pa-alla-helgons-dag","status":"publish","type":"post","link":"https:\/\/www.nvssf.com\/forbundet\/egil-blixtrade-pa-alla-helgons-dag\/","title":{"rendered":"Egil blixtrade p\u00e5 Alla helgons dag"},"content":{"rendered":"<p>Nordv\u00e4stsk\u00e5ningar var inte bara aktiva p\u00e5 t\u00e4vlingsfronten i <a href=\"https:\/\/www.nvssf.com\/forbundet\/stockholms-gp-by-elite-hotels-lilla-fore-stora\/\">Stockholm<\/a> och <a href=\"https:\/\/www.nvssf.com\/forbundet\/hostturneringen-stig-lundholms-minne-2023-fardigspelad\/\">Helsingborg<\/a> under helgen 3 &#8211; 5 november. \u00c4ven Lund fick smaka p\u00e5 det nordv\u00e4stsk\u00e5nska st\u00e5let i form av att junioren (13 \u00e5r) <strong>Egil Berling<\/strong>,Helsingborgs ASK spelade <a href=\"https:\/\/member.schack.se\/ShowTournamentServlet?id=12620\" target=\"_blank\" rel=\"noopener\">Lunds ASK&#8217;s l\u00f6rdagsblixt<\/a> som denna g\u00e5ng inf\u00f6ll p\u00e5 Alla helgons dag.<\/p>\n<p>Egil slutade p\u00e5 4:e plats bland de 11 startande.<\/p>\n<p><a href=\"https:\/\/www.nvssf.com\/forbundet\/wp-content\/uploads\/2023\/11\/LASKlordagsBlitz4november2023Tabell.jpg\"><img loading=\"lazy\" decoding=\"async\" class=\"aligncenter size-full wp-image-13746\" src=\"https:\/\/www.nvssf.com\/forbundet\/wp-content\/uploads\/2023\/11\/LASKlordagsBlitz4november2023Tabell.jpg\" alt=\"\" width=\"600\" height=\"252\" \/><\/a><\/p>\n","protected":false},"excerpt":{"rendered":"<p>Nordv\u00e4stsk\u00e5ningar var inte bara aktiva p\u00e5 t\u00e4vlingsfronten i Stockholm och Helsingborg under helgen 3 &#8211; 5 november. \u00c4ven Lund fick smaka p\u00e5 det nordv\u00e4stsk\u00e5nska st\u00e5let i form av att junioren (13 \u00e5r) Egil Berling,Helsingborgs ASK spelade Lunds ASK&#8217;s l\u00f6rdagsblixt som &hellip; <a href=\"https:\/\/www.nvssf.com\/forbundet\/egil-blixtrade-pa-alla-helgons-dag\/\">Forts\u00e4tt l\u00e4sa <span class=\"meta-nav\">&rarr;<\/span><\/a><\/p>\n","protected":false},"author":2,"featured_media":0,"comment_status":"open","ping_status":"open","sticky":false,"template":"","format":"standard","meta":{"_acf_changed":false,"footnotes":""},"categories":[14],"tags":[],"acf":[],"_links":{"self":[{"href":"https:\/\/www.nvssf.com\/forbundet\/wp-json\/wp\/v2\/posts\/13744"}],"collection":[{"href":"https:\/\/www.nvssf.com\/forbundet\/wp-json\/wp\/v2\/posts"}],"about":[{"href":"https:\/\/www.nvssf.com\/forbundet\/wp-json\/wp\/v2\/types\/post"}],"author":[{"embeddable":true,"href":"https:\/\/www.nvssf.com\/forbundet\/wp-json\/wp\/v2\/users\/2"}],"replies":[{"embeddable":true,"href":"https:\/\/www.nvssf.com\/forbundet\/wp-json\/wp\/v2\/comments?post=13744"}],"version-history":[{"count":2,"href":"https:\/\/www.nvssf.com\/forbundet\/wp-json\/wp\/v2\/posts\/13744\/revisions"}],"predecessor-version":[{"id":13747,"href":"https:\/\/www.nvssf.com\/forbundet\/wp-json\/wp\/v2\/posts\/13744\/revisions\/13747"}],"wp:attachment":[{"href":"https:\/\/www.nvssf.com\/forbundet\/wp-json\/wp\/v2\/media?parent=13744"}],"wp:term":[{"taxonomy":"category","embeddable":true,"href":"https:\/\/www.nvssf.com\/forbundet\/wp-json\/wp\/v2\/categories?post=13744"},{"taxonomy":"post_tag","embeddable":true,"href":"https:\/\/www.nvssf.com\/forbundet\/wp-json\/wp\/v2\/tags?post=13744"}],"curies":[{"name":"wp","href":"https:\/\/api.w.org\/{rel}","templated":true}]}}