{"id":13804,"date":"2023-11-26T10:06:02","date_gmt":"2023-11-26T09:06:02","guid":{"rendered":"https:\/\/www.nvssf.com\/forbundet\/?p=13804"},"modified":"2023-12-01T12:03:28","modified_gmt":"2023-12-01T11:03:28","slug":"dam-sm-i-vaxjo","status":"publish","type":"post","link":"https:\/\/www.nvssf.com\/forbundet\/dam-sm-i-vaxjo\/","title":{"rendered":"Dam-SM i V\u00e4xj\u00f6"},"content":{"rendered":"<p><a href=\"https:\/\/www.nvssf.com\/forbundet\/wp-content\/uploads\/2016\/05\/ssf_small.gif\"><img loading=\"lazy\" decoding=\"async\" class=\"alignleft size-full wp-image-2995\" src=\"https:\/\/www.nvssf.com\/forbundet\/wp-content\/uploads\/2016\/05\/ssf_small.gif\" alt=\"\" width=\"113\" height=\"114\" \/><\/a>Helgen den 9-10 december spelas Dam-SM i blixt och snabbschack. Bet\u00e4nketiderna \u00e4r 3 + 2 sekunders inkrement per drag (blixten) och 15 minuter + 5 sekunders inkrement per drag (snabbschacken).<\/p>\n<p>Spelformatet \u00e4r 9 ronder FIDE-schweizer (b\u00e5da turneringarna) och sj\u00e4lvfallet \u00e4r b\u00e4gge turneringarna\u00a0 elo-registrerade. Spellokal \u00e4r <a href=\"https:\/\/www.vaxjoschackklubb.se\/wp\/\" target=\"_blank\" rel=\"noopener\">V\u00e4xj\u00f6 SK&#8217;s<\/a> hemmaplan ProCivitas Gymnasium.<\/p>\n<p>Bland de f\u00f6rhandsanm\u00e4lda \u00e4r <strong>Susanne Ellerstrand<\/strong>,Engelholms SK s\u00e5 t\u00e4vlingarna kommer att \u00e5tminstone ha ett nordv\u00e4stsk\u00e5nskt inslag. Vem vet, det kanske dyker upp fler damer\/tjejer ifr\u00e5n distriktet.<\/p>\n<p>All n\u00f6dv\u00e4ndig info om t\u00e4vlingen hittar du i <a href=\"https:\/\/schack.se\/wp-content\/uploads\/2023\/09\/Dam-SM-2023-officiell.pdf\" target=\"_blank\" rel=\"noopener\">inbjudan<\/a>.<\/p>\n<div id=\"attachment_3129\" style=\"width: 255px\" class=\"wp-caption aligncenter\"><a href=\"https:\/\/www.nvssf.com\/forbundet\/wp-content\/uploads\/2016\/07\/335_Susanne_Ellerstrand_1.jpg\"><img loading=\"lazy\" decoding=\"async\" aria-describedby=\"caption-attachment-3129\" class=\"size-medium wp-image-3129\" src=\"https:\/\/www.nvssf.com\/forbundet\/wp-content\/uploads\/2016\/07\/335_Susanne_Ellerstrand_1-245x300.jpg\" alt=\"\" width=\"245\" height=\"300\" srcset=\"https:\/\/www.nvssf.com\/forbundet\/wp-content\/uploads\/2016\/07\/335_Susanne_Ellerstrand_1-245x300.jpg 245w, https:\/\/www.nvssf.com\/forbundet\/wp-content\/uploads\/2016\/07\/335_Susanne_Ellerstrand_1.jpg 600w\" sizes=\"(max-width: 245px) 100vw, 245px\" \/><\/a><p id=\"caption-attachment-3129\" class=\"wp-caption-text\">Susanne Ellerstrand,Engelholms SK Foto: Lars OA Hedlund\/SSF<\/p><\/div>\n","protected":false},"excerpt":{"rendered":"<p>Helgen den 9-10 december spelas Dam-SM i blixt och snabbschack. Bet\u00e4nketiderna \u00e4r 3 + 2 sekunders inkrement per drag (blixten) och 15 minuter + 5 sekunders inkrement per drag (snabbschacken). Spelformatet \u00e4r 9 ronder FIDE-schweizer (b\u00e5da turneringarna) och sj\u00e4lvfallet \u00e4r &hellip; <a href=\"https:\/\/www.nvssf.com\/forbundet\/dam-sm-i-vaxjo\/\">Forts\u00e4tt l\u00e4sa <span class=\"meta-nav\">&rarr;<\/span><\/a><\/p>\n","protected":false},"author":2,"featured_media":0,"comment_status":"open","ping_status":"open","sticky":false,"template":"","format":"standard","meta":{"_acf_changed":false,"footnotes":""},"categories":[14],"tags":[269,46],"acf":[],"_links":{"self":[{"href":"https:\/\/www.nvssf.com\/forbundet\/wp-json\/wp\/v2\/posts\/13804"}],"collection":[{"href":"https:\/\/www.nvssf.com\/forbundet\/wp-json\/wp\/v2\/posts"}],"about":[{"href":"https:\/\/www.nvssf.com\/forbundet\/wp-json\/wp\/v2\/types\/post"}],"author":[{"embeddable":true,"href":"https:\/\/www.nvssf.com\/forbundet\/wp-json\/wp\/v2\/users\/2"}],"replies":[{"embeddable":true,"href":"https:\/\/www.nvssf.com\/forbundet\/wp-json\/wp\/v2\/comments?post=13804"}],"version-history":[{"count":2,"href":"https:\/\/www.nvssf.com\/forbundet\/wp-json\/wp\/v2\/posts\/13804\/revisions"}],"predecessor-version":[{"id":13821,"href":"https:\/\/www.nvssf.com\/forbundet\/wp-json\/wp\/v2\/posts\/13804\/revisions\/13821"}],"wp:attachment":[{"href":"https:\/\/www.nvssf.com\/forbundet\/wp-json\/wp\/v2\/media?parent=13804"}],"wp:term":[{"taxonomy":"category","embeddable":true,"href":"https:\/\/www.nvssf.com\/forbundet\/wp-json\/wp\/v2\/categories?post=13804"},{"taxonomy":"post_tag","embeddable":true,"href":"https:\/\/www.nvssf.com\/forbundet\/wp-json\/wp\/v2\/tags?post=13804"}],"curies":[{"name":"wp","href":"https:\/\/api.w.org\/{rel}","templated":true}]}}