{"id":13814,"date":"2023-12-01T07:15:42","date_gmt":"2023-12-01T06:15:42","guid":{"rendered":"https:\/\/www.nvssf.com\/forbundet\/?p=13814"},"modified":"2023-12-01T06:10:07","modified_gmt":"2023-12-01T05:10:07","slug":"mikael-svensson-landskronamastare-igen","status":"publish","type":"post","link":"https:\/\/www.nvssf.com\/forbundet\/mikael-svensson-landskronamastare-igen\/","title":{"rendered":"Mikael Svensson Landskronam\u00e4stare &#8211; igen!"},"content":{"rendered":"<p>I och med att de sista dragen dragits i tisdags i det uppskjutna partiet <strong>Esad Khariman &#8211; Mikael Svensson<\/strong> och Svensson g\u00e5tt segrande ur den bataljen s\u00e5 visade det sig att Mikael \u00e5terigen blivit <a href=\"https:\/\/member.schack.se\/ShowTournamentServlet?id=12652\" target=\"_blank\" rel=\"noopener\">Landskronam\u00e4stare<\/a>. Micke har dominerat 2000-talet i Landskrona &#8211; han vann m\u00e4sterskapet f\u00f6rsta g\u00e5ngen 1999 och i och med segern denna g\u00e5ng s\u00e5 har han vunnit 20 g\u00e5nger.<\/p>\n<div id=\"attachment_13813\" style=\"width: 360px\" class=\"wp-caption aligncenter\"><a href=\"https:\/\/www.nvssf.com\/forbundet\/wp-content\/uploads\/2023\/12\/2023-46-bathroom-21102-mikael-svenssonSelfieCopyright.jpg\"><img loading=\"lazy\" decoding=\"async\" aria-describedby=\"caption-attachment-13813\" class=\"size-full wp-image-13813\" src=\"https:\/\/www.nvssf.com\/forbundet\/wp-content\/uploads\/2023\/12\/2023-46-bathroom-21102-mikael-svenssonSelfieCopyright.jpg\" alt=\"Sj\u00e4lvportr\u00e4tt Mikael Svensson\" width=\"350\" height=\"263\" \/><\/a><p id=\"caption-attachment-13813\" class=\"wp-caption-text\">Foto: (c) Mikael Svensson. N\u00e5gon bild med Mikael i en tjugofaldig upplaga av honom kunde jag inte hitta s\u00e5 ni f\u00e5r n\u00f6ja er med en tv\u00e5faldig version. Mikael \u00e4r en mycket skicklig amat\u00f6rfotograf. Denna bild blev vald till en av &#8221;52 picks&#8221; p\u00e5 52frames.com bland 2200 bidrag. Direktl\u00e4nk: https:\/\/52frames.com\/photographer\/21102\/photo\/715313<\/p><\/div>\n<h3>tabell Landskronam\u00e4sterskapet 2023<\/h3>\n<p><a href=\"https:\/\/www.nvssf.com\/forbundet\/wp-content\/uploads\/2023\/12\/BergerTabellLM2023.jpg\"><img loading=\"lazy\" decoding=\"async\" class=\"aligncenter size-full wp-image-13812\" src=\"https:\/\/www.nvssf.com\/forbundet\/wp-content\/uploads\/2023\/12\/BergerTabellLM2023.jpg\" alt=\"\" width=\"600\" height=\"269\" \/><\/a><\/p>\n","protected":false},"excerpt":{"rendered":"<p>I och med att de sista dragen dragits i tisdags i det uppskjutna partiet Esad Khariman &#8211; Mikael Svensson och Svensson g\u00e5tt segrande ur den bataljen s\u00e5 visade det sig att Mikael \u00e5terigen blivit Landskronam\u00e4stare. Micke har dominerat 2000-talet i &hellip; <a href=\"https:\/\/www.nvssf.com\/forbundet\/mikael-svensson-landskronamastare-igen\/\">Forts\u00e4tt l\u00e4sa <span class=\"meta-nav\">&rarr;<\/span><\/a><\/p>\n","protected":false},"author":2,"featured_media":0,"comment_status":"open","ping_status":"open","sticky":false,"template":"","format":"standard","meta":{"_acf_changed":false,"footnotes":""},"categories":[17,14,16],"tags":[45,54],"acf":[],"_links":{"self":[{"href":"https:\/\/www.nvssf.com\/forbundet\/wp-json\/wp\/v2\/posts\/13814"}],"collection":[{"href":"https:\/\/www.nvssf.com\/forbundet\/wp-json\/wp\/v2\/posts"}],"about":[{"href":"https:\/\/www.nvssf.com\/forbundet\/wp-json\/wp\/v2\/types\/post"}],"author":[{"embeddable":true,"href":"https:\/\/www.nvssf.com\/forbundet\/wp-json\/wp\/v2\/users\/2"}],"replies":[{"embeddable":true,"href":"https:\/\/www.nvssf.com\/forbundet\/wp-json\/wp\/v2\/comments?post=13814"}],"version-history":[{"count":6,"href":"https:\/\/www.nvssf.com\/forbundet\/wp-json\/wp\/v2\/posts\/13814\/revisions"}],"predecessor-version":[{"id":13820,"href":"https:\/\/www.nvssf.com\/forbundet\/wp-json\/wp\/v2\/posts\/13814\/revisions\/13820"}],"wp:attachment":[{"href":"https:\/\/www.nvssf.com\/forbundet\/wp-json\/wp\/v2\/media?parent=13814"}],"wp:term":[{"taxonomy":"category","embeddable":true,"href":"https:\/\/www.nvssf.com\/forbundet\/wp-json\/wp\/v2\/categories?post=13814"},{"taxonomy":"post_tag","embeddable":true,"href":"https:\/\/www.nvssf.com\/forbundet\/wp-json\/wp\/v2\/tags?post=13814"}],"curies":[{"name":"wp","href":"https:\/\/api.w.org\/{rel}","templated":true}]}}