{"id":13828,"date":"2023-12-09T16:29:57","date_gmt":"2023-12-09T15:29:57","guid":{"rendered":"https:\/\/www.nvssf.com\/forbundet\/?p=13828"},"modified":"2023-12-09T16:29:57","modified_gmt":"2023-12-09T15:29:57","slug":"susanne-ellerstrand-atta-i-vaxjo","status":"publish","type":"post","link":"https:\/\/www.nvssf.com\/forbundet\/susanne-ellerstrand-atta-i-vaxjo\/","title":{"rendered":"Susanne Ellerstrand \u00e5tta i V\u00e4xj\u00f6"},"content":{"rendered":"<p><a href=\"https:\/\/www.nvssf.com\/forbundet\/wp-content\/uploads\/2016\/05\/ssf_small.gif\"><img loading=\"lazy\" decoding=\"async\" class=\"alignleft size-full wp-image-2995\" src=\"https:\/\/www.nvssf.com\/forbundet\/wp-content\/uploads\/2016\/05\/ssf_small.gif\" alt=\"\" width=\"113\" height=\"114\" \/><\/a><strong>Susanne Ellerstrand<\/strong>,Engelholms SK slutade p\u00e5 8:e plats idag i <a href=\"https:\/\/schack.se\/nyhet\/damschack\/2023\/12\/cristine-rose-wagman-tillhor-favoriterna-i-dam-sm\/\" target=\"_blank\" rel=\"noopener\">Dam-SM<\/a> i blixtschack som spelades i V\u00e4xj\u00f6.\u00a0 <strong>Linn Olsson<\/strong>,En Passant Svedala ifr\u00e5n v\u00e5rt grannf\u00f6rbund, Sk\u00e5nes Schackf\u00f6rbund, hamnade p\u00e5 5:e plats. Resultat och tabell hittar du <a href=\"https:\/\/member.schack.se\/ShowTournamentServlet?id=12583\" target=\"_blank\" rel=\"noopener\">h\u00e4r<\/a>.<\/p>\n<p>Ingen rast och ingen vila f\u00f6r damerna i den sm\u00e5l\u00e4ndska metropolen, n\u00e4r blixten var f\u00e4rdigspelad s\u00e5 p\u00e5b\u00f6rjades Dam-SM i snabbschack. Fyra ronder spelas idag och imorgon spelas tre ronder. F\u00f6lj resultaten <a href=\"https:\/\/member.schack.se\/ShowTournamentServlet?id=12582\" target=\"_blank\" rel=\"noopener\">h\u00e4r<\/a>. B\u00e5da de sk\u00e5nska damerna deltar \u00e4ven i snabbschacken.<\/p>\n","protected":false},"excerpt":{"rendered":"<p>Susanne Ellerstrand,Engelholms SK slutade p\u00e5 8:e plats idag i Dam-SM i blixtschack som spelades i V\u00e4xj\u00f6.\u00a0 Linn Olsson,En Passant Svedala ifr\u00e5n v\u00e5rt grannf\u00f6rbund, Sk\u00e5nes Schackf\u00f6rbund, hamnade p\u00e5 5:e plats. Resultat och tabell hittar du h\u00e4r. Ingen rast och ingen vila &hellip; <a href=\"https:\/\/www.nvssf.com\/forbundet\/susanne-ellerstrand-atta-i-vaxjo\/\">Forts\u00e4tt l\u00e4sa <span class=\"meta-nav\">&rarr;<\/span><\/a><\/p>\n","protected":false},"author":2,"featured_media":0,"comment_status":"open","ping_status":"open","sticky":false,"template":"","format":"standard","meta":{"_acf_changed":false,"footnotes":""},"categories":[14],"tags":[269,46],"acf":[],"_links":{"self":[{"href":"https:\/\/www.nvssf.com\/forbundet\/wp-json\/wp\/v2\/posts\/13828"}],"collection":[{"href":"https:\/\/www.nvssf.com\/forbundet\/wp-json\/wp\/v2\/posts"}],"about":[{"href":"https:\/\/www.nvssf.com\/forbundet\/wp-json\/wp\/v2\/types\/post"}],"author":[{"embeddable":true,"href":"https:\/\/www.nvssf.com\/forbundet\/wp-json\/wp\/v2\/users\/2"}],"replies":[{"embeddable":true,"href":"https:\/\/www.nvssf.com\/forbundet\/wp-json\/wp\/v2\/comments?post=13828"}],"version-history":[{"count":1,"href":"https:\/\/www.nvssf.com\/forbundet\/wp-json\/wp\/v2\/posts\/13828\/revisions"}],"predecessor-version":[{"id":13829,"href":"https:\/\/www.nvssf.com\/forbundet\/wp-json\/wp\/v2\/posts\/13828\/revisions\/13829"}],"wp:attachment":[{"href":"https:\/\/www.nvssf.com\/forbundet\/wp-json\/wp\/v2\/media?parent=13828"}],"wp:term":[{"taxonomy":"category","embeddable":true,"href":"https:\/\/www.nvssf.com\/forbundet\/wp-json\/wp\/v2\/categories?post=13828"},{"taxonomy":"post_tag","embeddable":true,"href":"https:\/\/www.nvssf.com\/forbundet\/wp-json\/wp\/v2\/tags?post=13828"}],"curies":[{"name":"wp","href":"https:\/\/api.w.org\/{rel}","templated":true}]}}