{"id":13930,"date":"2024-03-27T08:35:34","date_gmt":"2024-03-27T07:35:34","guid":{"rendered":"https:\/\/www.nvssf.com\/forbundet\/?p=13930"},"modified":"2024-03-27T08:35:34","modified_gmt":"2024-03-27T07:35:34","slug":"styrelsen-omvald","status":"publish","type":"post","link":"https:\/\/www.nvssf.com\/forbundet\/styrelsen-omvald\/","title":{"rendered":"Styrelsen omvald"},"content":{"rendered":"<p>Vid NvSSF \u00e5rsm\u00f6te valdes f\u00f6ljande styrelse:<\/p>\n<p><strong>Stefan H\u00e5kansson<\/strong> omvaldes till ordf\u00f6rande p\u00e5 1 \u00e5r.<br \/>\n<strong>Lars Persson<\/strong> och <strong>Roland Johansson<\/strong> omvaldes p\u00e5 tv\u00e5 \u00e5r.<br \/>\n<strong>\u00c5ke Westin<\/strong> och <strong>Fredrik Sievert<\/strong> har ett \u00e5r kvar p\u00e5 sitt mandat.<br \/>\n<strong>Mikael Svensson<\/strong> omvaldes till styrelsesuppleant p\u00e5 ett \u00e5r.<\/p>\n","protected":false},"excerpt":{"rendered":"<p>Vid NvSSF \u00e5rsm\u00f6te valdes f\u00f6ljande styrelse: Stefan H\u00e5kansson omvaldes till ordf\u00f6rande p\u00e5 1 \u00e5r. Lars Persson och Roland Johansson omvaldes p\u00e5 tv\u00e5 \u00e5r. \u00c5ke Westin och Fredrik Sievert har ett \u00e5r kvar p\u00e5 sitt mandat. Mikael Svensson omvaldes till styrelsesuppleant &hellip; <a href=\"https:\/\/www.nvssf.com\/forbundet\/styrelsen-omvald\/\">Forts\u00e4tt l\u00e4sa <span class=\"meta-nav\">&rarr;<\/span><\/a><\/p>\n","protected":false},"author":9,"featured_media":0,"comment_status":"open","ping_status":"open","sticky":false,"template":"","format":"standard","meta":{"_acf_changed":false,"footnotes":""},"categories":[104,13],"tags":[],"acf":[],"_links":{"self":[{"href":"https:\/\/www.nvssf.com\/forbundet\/wp-json\/wp\/v2\/posts\/13930"}],"collection":[{"href":"https:\/\/www.nvssf.com\/forbundet\/wp-json\/wp\/v2\/posts"}],"about":[{"href":"https:\/\/www.nvssf.com\/forbundet\/wp-json\/wp\/v2\/types\/post"}],"author":[{"embeddable":true,"href":"https:\/\/www.nvssf.com\/forbundet\/wp-json\/wp\/v2\/users\/9"}],"replies":[{"embeddable":true,"href":"https:\/\/www.nvssf.com\/forbundet\/wp-json\/wp\/v2\/comments?post=13930"}],"version-history":[{"count":1,"href":"https:\/\/www.nvssf.com\/forbundet\/wp-json\/wp\/v2\/posts\/13930\/revisions"}],"predecessor-version":[{"id":13931,"href":"https:\/\/www.nvssf.com\/forbundet\/wp-json\/wp\/v2\/posts\/13930\/revisions\/13931"}],"wp:attachment":[{"href":"https:\/\/www.nvssf.com\/forbundet\/wp-json\/wp\/v2\/media?parent=13930"}],"wp:term":[{"taxonomy":"category","embeddable":true,"href":"https:\/\/www.nvssf.com\/forbundet\/wp-json\/wp\/v2\/categories?post=13930"},{"taxonomy":"post_tag","embeddable":true,"href":"https:\/\/www.nvssf.com\/forbundet\/wp-json\/wp\/v2\/tags?post=13930"}],"curies":[{"name":"wp","href":"https:\/\/api.w.org\/{rel}","templated":true}]}}