{"id":13966,"date":"2024-04-19T13:02:07","date_gmt":"2024-04-19T11:02:07","guid":{"rendered":"https:\/\/www.nvssf.com\/forbundet\/?p=13966"},"modified":"2024-04-25T21:14:40","modified_gmt":"2024-04-25T19:14:40","slug":"lag-dm-blixt","status":"publish","type":"post","link":"https:\/\/www.nvssf.com\/forbundet\/lag-dm-blixt\/","title":{"rendered":"Lag-DM Blixt Uppdaterad 25 April"},"content":{"rendered":"<p>L\u00f6rdagen den 4:e maj spelas Lag-DM i Blixt. Anm\u00e4lningarna har b\u00f6rjat trilla in.<br \/>\n<strong>Skromberga ASS<\/strong> Marcus Karlsson,\u00a0 Walter Steffert och Anton Olsson<br \/>\n<strong>Klippans SK <\/strong>(2 lag) Mikael Frostin, Ted Sandbech, Robin H\u00e5kansson, Mattias Semborg, Magnus Ljunggren och Anto Cicija<br \/>\n<strong>Engelholms SK<\/strong> Viktor Lundberg, Susanne Ellerstrand och Ulf Ringdahl<br \/>\n<strong>Helsingborgs ASK<\/strong> (2 lag) Tomas Rosell, Stefan H\u00e5kansson, Eric Nordin och Lars Persson<br \/>\nInbjudan finns\u00a0<a href=\"https:\/\/www.nvssf.com\/forbundet\/wp-content\/uploads\/2024\/03\/Lagblixt-DM.pdf\" target=\"_blank\" rel=\"noopener\">h\u00e4r<\/a>.<\/p>\n","protected":false},"excerpt":{"rendered":"<p>L\u00f6rdagen den 4:e maj spelas Lag-DM i Blixt. Anm\u00e4lningarna har b\u00f6rjat trilla in. Skromberga ASS Marcus Karlsson,\u00a0 Walter Steffert och Anton Olsson Klippans SK (2 lag) Mikael Frostin, Ted Sandbech, Robin H\u00e5kansson, Mattias Semborg, Magnus Ljunggren och Anto Cicija Engelholms &hellip; <a href=\"https:\/\/www.nvssf.com\/forbundet\/lag-dm-blixt\/\">Forts\u00e4tt l\u00e4sa <span class=\"meta-nav\">&rarr;<\/span><\/a><\/p>\n","protected":false},"author":9,"featured_media":0,"comment_status":"open","ping_status":"open","sticky":false,"template":"","format":"standard","meta":{"_acf_changed":false,"footnotes":""},"categories":[18,14],"tags":[],"acf":[],"_links":{"self":[{"href":"https:\/\/www.nvssf.com\/forbundet\/wp-json\/wp\/v2\/posts\/13966"}],"collection":[{"href":"https:\/\/www.nvssf.com\/forbundet\/wp-json\/wp\/v2\/posts"}],"about":[{"href":"https:\/\/www.nvssf.com\/forbundet\/wp-json\/wp\/v2\/types\/post"}],"author":[{"embeddable":true,"href":"https:\/\/www.nvssf.com\/forbundet\/wp-json\/wp\/v2\/users\/9"}],"replies":[{"embeddable":true,"href":"https:\/\/www.nvssf.com\/forbundet\/wp-json\/wp\/v2\/comments?post=13966"}],"version-history":[{"count":5,"href":"https:\/\/www.nvssf.com\/forbundet\/wp-json\/wp\/v2\/posts\/13966\/revisions"}],"predecessor-version":[{"id":13981,"href":"https:\/\/www.nvssf.com\/forbundet\/wp-json\/wp\/v2\/posts\/13966\/revisions\/13981"}],"wp:attachment":[{"href":"https:\/\/www.nvssf.com\/forbundet\/wp-json\/wp\/v2\/media?parent=13966"}],"wp:term":[{"taxonomy":"category","embeddable":true,"href":"https:\/\/www.nvssf.com\/forbundet\/wp-json\/wp\/v2\/categories?post=13966"},{"taxonomy":"post_tag","embeddable":true,"href":"https:\/\/www.nvssf.com\/forbundet\/wp-json\/wp\/v2\/tags?post=13966"}],"curies":[{"name":"wp","href":"https:\/\/api.w.org\/{rel}","templated":true}]}}