{"id":14401,"date":"2024-12-02T13:19:34","date_gmt":"2024-12-02T12:19:34","guid":{"rendered":"https:\/\/www.nvssf.com\/forbundet\/?p=14401"},"modified":"2024-12-02T13:19:34","modified_gmt":"2024-12-02T12:19:34","slug":"inbjudan-ungdomsledarkurs","status":"publish","type":"post","link":"https:\/\/www.nvssf.com\/forbundet\/inbjudan-ungdomsledarkurs\/","title":{"rendered":"Inbjudan ungdomsledarkurs"},"content":{"rendered":"<p><a href=\"https:\/\/schack.se\/\" target=\"_blank\" rel=\"noopener\">Sveriges Schackf\u00f6rbund<\/a> bjuder in till ungdomsledarkurs i V\u00e4ster\u00e5s den 25-26 januari 2025. Kursen v\u00e4nder sig till alla ungdomsledare i schackklubbar, oavsett tidigare erfarenhet. Inbjudan finns <a href=\"https:\/\/schack.se\/wp-content\/uploads\/2024\/11\/Inbjudan-Grundkurs-for-ungdomsledare-officiell.pdf\" target=\"_blank\" rel=\"noopener\">h\u00e4r<\/a>.<\/p>\n<p>Sveriges Schackf\u00f6rbund kommer under 2025 ocks\u00e5 genomf\u00f6ra en forts\u00e4ttningskurs f\u00f6r ungdomsledare f\u00f6r de som har genomg\u00e5tt grundkursen, den 26-27 april 2025 p\u00e5 samma hotell i V\u00e4ster\u00e5s.<\/p>\n","protected":false},"excerpt":{"rendered":"<p>Sveriges Schackf\u00f6rbund bjuder in till ungdomsledarkurs i V\u00e4ster\u00e5s den 25-26 januari 2025. Kursen v\u00e4nder sig till alla ungdomsledare i schackklubbar, oavsett tidigare erfarenhet. Inbjudan finns h\u00e4r. Sveriges Schackf\u00f6rbund kommer under 2025 ocks\u00e5 genomf\u00f6ra en forts\u00e4ttningskurs f\u00f6r ungdomsledare f\u00f6r de som &hellip; <a href=\"https:\/\/www.nvssf.com\/forbundet\/inbjudan-ungdomsledarkurs\/\">Forts\u00e4tt l\u00e4sa <span class=\"meta-nav\">&rarr;<\/span><\/a><\/p>\n","protected":false},"author":9,"featured_media":0,"comment_status":"closed","ping_status":"open","sticky":false,"template":"","format":"standard","meta":{"_acf_changed":false,"footnotes":""},"categories":[7],"tags":[],"acf":[],"_links":{"self":[{"href":"https:\/\/www.nvssf.com\/forbundet\/wp-json\/wp\/v2\/posts\/14401"}],"collection":[{"href":"https:\/\/www.nvssf.com\/forbundet\/wp-json\/wp\/v2\/posts"}],"about":[{"href":"https:\/\/www.nvssf.com\/forbundet\/wp-json\/wp\/v2\/types\/post"}],"author":[{"embeddable":true,"href":"https:\/\/www.nvssf.com\/forbundet\/wp-json\/wp\/v2\/users\/9"}],"replies":[{"embeddable":true,"href":"https:\/\/www.nvssf.com\/forbundet\/wp-json\/wp\/v2\/comments?post=14401"}],"version-history":[{"count":1,"href":"https:\/\/www.nvssf.com\/forbundet\/wp-json\/wp\/v2\/posts\/14401\/revisions"}],"predecessor-version":[{"id":14402,"href":"https:\/\/www.nvssf.com\/forbundet\/wp-json\/wp\/v2\/posts\/14401\/revisions\/14402"}],"wp:attachment":[{"href":"https:\/\/www.nvssf.com\/forbundet\/wp-json\/wp\/v2\/media?parent=14401"}],"wp:term":[{"taxonomy":"category","embeddable":true,"href":"https:\/\/www.nvssf.com\/forbundet\/wp-json\/wp\/v2\/categories?post=14401"},{"taxonomy":"post_tag","embeddable":true,"href":"https:\/\/www.nvssf.com\/forbundet\/wp-json\/wp\/v2\/tags?post=14401"}],"curies":[{"name":"wp","href":"https:\/\/api.w.org\/{rel}","templated":true}]}}