{"id":146,"date":"2014-03-28T23:35:06","date_gmt":"2014-03-28T22:35:06","guid":{"rendered":"http:\/\/www.nvssf.com\/forbundet\/?p=146"},"modified":"2014-04-21T18:16:37","modified_gmt":"2014-04-21T16:16:37","slug":"distriktsfinal-schack4an-2014","status":"publish","type":"post","link":"https:\/\/www.nvssf.com\/forbundet\/distriktsfinal-schack4an-2014\/","title":{"rendered":"Distriktsfinal Schack4an 2014"},"content":{"rendered":"<p><a href=\"https:\/\/www.nvssf.com\/forbundet\/wp-content\/uploads\/2014\/03\/Schack4anlogo_big.jpg\"><img loading=\"lazy\" decoding=\"async\" class=\"alignleft size-full wp-image-138\" src=\"https:\/\/www.nvssf.com\/forbundet\/wp-content\/uploads\/2014\/03\/Schack4anlogo_big.jpg\" alt=\"Schack4anlogo_big\" width=\"131\" height=\"64\" \/><\/a>Detta \u00e5rets distriktsfinal i Nordv\u00e4stra Sk\u00e5ne av Schack4an kommer att spelas p\u00e5 Idrottens Hus i Helsingborg Fredagen den 4:e april. Anm\u00e4lan kl 9.00, start kl 9.30.<\/p>\n<p>&nbsp;<\/p>\n","protected":false},"excerpt":{"rendered":"<p>Detta \u00e5rets distriktsfinal i Nordv\u00e4stra Sk\u00e5ne av Schack4an kommer att spelas p\u00e5 Idrottens Hus i Helsingborg Fredagen den 4:e april. Anm\u00e4lan kl 9.00, start kl 9.30. &nbsp;<\/p>\n","protected":false},"author":2,"featured_media":0,"comment_status":"open","ping_status":"open","sticky":false,"template":"","format":"standard","meta":{"_acf_changed":false,"footnotes":""},"categories":[4],"tags":[],"acf":[],"_links":{"self":[{"href":"https:\/\/www.nvssf.com\/forbundet\/wp-json\/wp\/v2\/posts\/146"}],"collection":[{"href":"https:\/\/www.nvssf.com\/forbundet\/wp-json\/wp\/v2\/posts"}],"about":[{"href":"https:\/\/www.nvssf.com\/forbundet\/wp-json\/wp\/v2\/types\/post"}],"author":[{"embeddable":true,"href":"https:\/\/www.nvssf.com\/forbundet\/wp-json\/wp\/v2\/users\/2"}],"replies":[{"embeddable":true,"href":"https:\/\/www.nvssf.com\/forbundet\/wp-json\/wp\/v2\/comments?post=146"}],"version-history":[{"count":0,"href":"https:\/\/www.nvssf.com\/forbundet\/wp-json\/wp\/v2\/posts\/146\/revisions"}],"wp:attachment":[{"href":"https:\/\/www.nvssf.com\/forbundet\/wp-json\/wp\/v2\/media?parent=146"}],"wp:term":[{"taxonomy":"category","embeddable":true,"href":"https:\/\/www.nvssf.com\/forbundet\/wp-json\/wp\/v2\/categories?post=146"},{"taxonomy":"post_tag","embeddable":true,"href":"https:\/\/www.nvssf.com\/forbundet\/wp-json\/wp\/v2\/tags?post=146"}],"curies":[{"name":"wp","href":"https:\/\/api.w.org\/{rel}","templated":true}]}}