{"id":14653,"date":"2025-03-22T20:31:24","date_gmt":"2025-03-22T19:31:24","guid":{"rendered":"https:\/\/www.nvssf.com\/forbundet\/?p=14653"},"modified":"2025-03-22T20:31:24","modified_gmt":"2025-03-22T19:31:24","slug":"arsmotet","status":"publish","type":"post","link":"https:\/\/www.nvssf.com\/forbundet\/arsmotet\/","title":{"rendered":"\u00c5rsm\u00f6tet"},"content":{"rendered":"<p>Nordv\u00e4stra Sk\u00e5nes Schackf\u00f6rbund h\u00f6ll \u00e5rsm\u00f6te p\u00e5 l\u00f6rdagen. <strong>Stefan H\u00e5kansson<\/strong> valdes om som ordf\u00f6rande och\u00a0<strong>\u00c5ke Westin<\/strong> och <strong>Fredrik Sievert<\/strong> valdes om som styrelseledam\u00f6ter.<\/p>\n","protected":false},"excerpt":{"rendered":"<p>Nordv\u00e4stra Sk\u00e5nes Schackf\u00f6rbund h\u00f6ll \u00e5rsm\u00f6te p\u00e5 l\u00f6rdagen. Stefan H\u00e5kansson valdes om som ordf\u00f6rande och\u00a0\u00c5ke Westin och Fredrik Sievert valdes om som styrelseledam\u00f6ter.<\/p>\n","protected":false},"author":9,"featured_media":0,"comment_status":"closed","ping_status":"open","sticky":false,"template":"","format":"standard","meta":{"_acf_changed":false,"footnotes":""},"categories":[104],"tags":[],"acf":[],"_links":{"self":[{"href":"https:\/\/www.nvssf.com\/forbundet\/wp-json\/wp\/v2\/posts\/14653"}],"collection":[{"href":"https:\/\/www.nvssf.com\/forbundet\/wp-json\/wp\/v2\/posts"}],"about":[{"href":"https:\/\/www.nvssf.com\/forbundet\/wp-json\/wp\/v2\/types\/post"}],"author":[{"embeddable":true,"href":"https:\/\/www.nvssf.com\/forbundet\/wp-json\/wp\/v2\/users\/9"}],"replies":[{"embeddable":true,"href":"https:\/\/www.nvssf.com\/forbundet\/wp-json\/wp\/v2\/comments?post=14653"}],"version-history":[{"count":1,"href":"https:\/\/www.nvssf.com\/forbundet\/wp-json\/wp\/v2\/posts\/14653\/revisions"}],"predecessor-version":[{"id":14654,"href":"https:\/\/www.nvssf.com\/forbundet\/wp-json\/wp\/v2\/posts\/14653\/revisions\/14654"}],"wp:attachment":[{"href":"https:\/\/www.nvssf.com\/forbundet\/wp-json\/wp\/v2\/media?parent=14653"}],"wp:term":[{"taxonomy":"category","embeddable":true,"href":"https:\/\/www.nvssf.com\/forbundet\/wp-json\/wp\/v2\/categories?post=14653"},{"taxonomy":"post_tag","embeddable":true,"href":"https:\/\/www.nvssf.com\/forbundet\/wp-json\/wp\/v2\/tags?post=14653"}],"curies":[{"name":"wp","href":"https:\/\/api.w.org\/{rel}","templated":true}]}}