{"id":14839,"date":"2025-05-20T16:00:01","date_gmt":"2025-05-20T14:00:01","guid":{"rendered":"https:\/\/www.nvssf.com\/forbundet\/?p=14839"},"modified":"2025-05-20T16:00:01","modified_gmt":"2025-05-20T14:00:01","slug":"schacksommar-i-prag","status":"publish","type":"post","link":"https:\/\/www.nvssf.com\/forbundet\/schacksommar-i-prag\/","title":{"rendered":"Schacksommar i Prag"},"content":{"rendered":"<p>M\u00e5nga spelare fr\u00e5n nordv\u00e4stra Sk\u00e5nes schackf\u00f6rbund har under \u00e5rens lopp spelat\u00a0<a href=\"http:\/\/schach-prag.cz\/en\/index.html\" target=\"_blank\" rel=\"noopener\">International Chess Holiday<\/a> i Prag. Detta \u00e5r spelas schackfestivalen den 26:e juli \u2013 2:a augusti (vecka 1) och 3:e augusti \u2013 9:e augusti (vecka 2). Huvudturneringarna \u00e4r 9 ronder berger med gruppindelning spelstyrka dessutom spelas snabbschacks och blixtturneringar. Ut\u00f6ver schackprogrammet s\u00e5 arrangeras utflykter. Inbjudan finns <a href=\"https:\/\/schach-prag.cz\/en\/information2025.pdf\" target=\"_blank\" rel=\"noopener\">h\u00e4r<\/a>.<br \/>\n<strong>Peter Dalling<\/strong>, Engelholms SK, har spelat t\u00e4vlingen 31 g\u00e5nger och kan svara p\u00e5 fr\u00e5gor.<br \/>\nPeters e-mail finns\u00a0<a href=\"https:\/\/www.svenskalag.se\/engelholmssk\/kontakt\" target=\"_blank\" rel=\"noopener\">h\u00e4r<\/a>.<\/p>\n","protected":false},"excerpt":{"rendered":"<p>M\u00e5nga spelare fr\u00e5n nordv\u00e4stra Sk\u00e5nes schackf\u00f6rbund har under \u00e5rens lopp spelat\u00a0International Chess Holiday i Prag. Detta \u00e5r spelas schackfestivalen den 26:e juli \u2013 2:a augusti (vecka 1) och 3:e augusti \u2013 9:e augusti (vecka 2). Huvudturneringarna \u00e4r 9 ronder berger &hellip; <a href=\"https:\/\/www.nvssf.com\/forbundet\/schacksommar-i-prag\/\">Forts\u00e4tt l\u00e4sa <span class=\"meta-nav\">&rarr;<\/span><\/a><\/p>\n","protected":false},"author":9,"featured_media":0,"comment_status":"closed","ping_status":"open","sticky":false,"template":"","format":"standard","meta":{"_acf_changed":false,"footnotes":""},"categories":[7],"tags":[],"acf":[],"_links":{"self":[{"href":"https:\/\/www.nvssf.com\/forbundet\/wp-json\/wp\/v2\/posts\/14839"}],"collection":[{"href":"https:\/\/www.nvssf.com\/forbundet\/wp-json\/wp\/v2\/posts"}],"about":[{"href":"https:\/\/www.nvssf.com\/forbundet\/wp-json\/wp\/v2\/types\/post"}],"author":[{"embeddable":true,"href":"https:\/\/www.nvssf.com\/forbundet\/wp-json\/wp\/v2\/users\/9"}],"replies":[{"embeddable":true,"href":"https:\/\/www.nvssf.com\/forbundet\/wp-json\/wp\/v2\/comments?post=14839"}],"version-history":[{"count":1,"href":"https:\/\/www.nvssf.com\/forbundet\/wp-json\/wp\/v2\/posts\/14839\/revisions"}],"predecessor-version":[{"id":14840,"href":"https:\/\/www.nvssf.com\/forbundet\/wp-json\/wp\/v2\/posts\/14839\/revisions\/14840"}],"wp:attachment":[{"href":"https:\/\/www.nvssf.com\/forbundet\/wp-json\/wp\/v2\/media?parent=14839"}],"wp:term":[{"taxonomy":"category","embeddable":true,"href":"https:\/\/www.nvssf.com\/forbundet\/wp-json\/wp\/v2\/categories?post=14839"},{"taxonomy":"post_tag","embeddable":true,"href":"https:\/\/www.nvssf.com\/forbundet\/wp-json\/wp\/v2\/tags?post=14839"}],"curies":[{"name":"wp","href":"https:\/\/api.w.org\/{rel}","templated":true}]}}