{"id":14895,"date":"2025-06-27T22:54:46","date_gmt":"2025-06-27T20:54:46","guid":{"rendered":"https:\/\/www.nvssf.com\/forbundet\/?p=14895"},"modified":"2025-06-27T22:54:46","modified_gmt":"2025-06-27T20:54:46","slug":"sm-i-uppsala-startar","status":"publish","type":"post","link":"https:\/\/www.nvssf.com\/forbundet\/sm-i-uppsala-startar\/","title":{"rendered":"SM i Uppsala startar"},"content":{"rendered":"<p><strong>Per-Olof Gromark<\/strong>, <a href=\"https:\/\/hask.nu\/\" target=\"_blank\" rel=\"noopener\">Helsingborgs ASK<\/a>, blir f\u00f6rsta nordv\u00e4stsk\u00e5ning i \u00e5rets SM. Han spelar i veteran-SM + 65.<br \/>\nResultaten kommer <a href=\"https:\/\/member.schack.se\/ShowTournamentServlet?id=15029\" target=\"_blank\" rel=\"noopener\">h\u00e4r<\/a>.<br \/>\nLives\u00e4ndningen finns <a href=\"https:\/\/lichess.org\/broadcast\/schack-sm-2025-veteran-sm-65\/round-1\/OFqMp9Mi\" target=\"_blank\" rel=\"noopener\">h\u00e4r<\/a>. Spelet startar l\u00f6rdag klockan 15:00.<br \/>\nP\u00e5 s\u00f6ndag spelas <a href=\"https:\/\/member.schack.se\/ShowTournamentServlet?id=15058\" target=\"_blank\" rel=\"noopener\">Schack i skolan m\u00e4staren &#8211; mellanstadiet<\/a> med <strong>Cong Duc Phan<\/strong>, Hagan\u00e4sskolans SK, och <strong>Filip Westergren<\/strong>, Klubb T\u00e5.<\/p>\n","protected":false},"excerpt":{"rendered":"<p>Per-Olof Gromark, Helsingborgs ASK, blir f\u00f6rsta nordv\u00e4stsk\u00e5ning i \u00e5rets SM. Han spelar i veteran-SM + 65. Resultaten kommer h\u00e4r. Lives\u00e4ndningen finns h\u00e4r. Spelet startar l\u00f6rdag klockan 15:00. P\u00e5 s\u00f6ndag spelas Schack i skolan m\u00e4staren &#8211; mellanstadiet med Cong Duc Phan, &hellip; <a href=\"https:\/\/www.nvssf.com\/forbundet\/sm-i-uppsala-startar\/\">Forts\u00e4tt l\u00e4sa <span class=\"meta-nav\">&rarr;<\/span><\/a><\/p>\n","protected":false},"author":9,"featured_media":0,"comment_status":"closed","ping_status":"open","sticky":false,"template":"","format":"standard","meta":{"_acf_changed":false,"footnotes":""},"categories":[280],"tags":[],"acf":[],"_links":{"self":[{"href":"https:\/\/www.nvssf.com\/forbundet\/wp-json\/wp\/v2\/posts\/14895"}],"collection":[{"href":"https:\/\/www.nvssf.com\/forbundet\/wp-json\/wp\/v2\/posts"}],"about":[{"href":"https:\/\/www.nvssf.com\/forbundet\/wp-json\/wp\/v2\/types\/post"}],"author":[{"embeddable":true,"href":"https:\/\/www.nvssf.com\/forbundet\/wp-json\/wp\/v2\/users\/9"}],"replies":[{"embeddable":true,"href":"https:\/\/www.nvssf.com\/forbundet\/wp-json\/wp\/v2\/comments?post=14895"}],"version-history":[{"count":1,"href":"https:\/\/www.nvssf.com\/forbundet\/wp-json\/wp\/v2\/posts\/14895\/revisions"}],"predecessor-version":[{"id":14896,"href":"https:\/\/www.nvssf.com\/forbundet\/wp-json\/wp\/v2\/posts\/14895\/revisions\/14896"}],"wp:attachment":[{"href":"https:\/\/www.nvssf.com\/forbundet\/wp-json\/wp\/v2\/media?parent=14895"}],"wp:term":[{"taxonomy":"category","embeddable":true,"href":"https:\/\/www.nvssf.com\/forbundet\/wp-json\/wp\/v2\/categories?post=14895"},{"taxonomy":"post_tag","embeddable":true,"href":"https:\/\/www.nvssf.com\/forbundet\/wp-json\/wp\/v2\/tags?post=14895"}],"curies":[{"name":"wp","href":"https:\/\/api.w.org\/{rel}","templated":true}]}}