{"id":14909,"date":"2025-07-04T08:04:29","date_gmt":"2025-07-04T06:04:29","guid":{"rendered":"https:\/\/www.nvssf.com\/forbundet\/?p=14909"},"modified":"2025-07-04T08:04:29","modified_gmt":"2025-07-04T06:04:29","slug":"kongress","status":"publish","type":"post","link":"https:\/\/www.nvssf.com\/forbundet\/kongress\/","title":{"rendered":"Kongress"},"content":{"rendered":"<p>Sveriges schackf\u00f6rbund \u00e5rliga kongress h\u00e5lls i samband med SM. I \u00e5r h\u00f6lls kongressen i Uppsala stadshus. Det var en lugn tillst\u00e4llning d\u00e4r den enda enda fr\u00e5gan som gick till omr\u00f6stning var valet av sista platsen i valberedningen.<\/p>\n<p>Vad h\u00e4nde?<\/p>\n<p><strong>Valen<\/strong><br \/>\nH\u00e5kan Jalling blev omvald som ordf\u00f6rande.<br \/>\nH\u00e5kan Winfridsson ersattes av Johanna Lundstr\u00f6m i styrelsen.<br \/>\nStefan H\u00e5kansson (NvSSF ordf\u00f6rande) har ett \u00e5r kvar i styrelsen.<\/p>\n<p><strong>\u00d6vrigt<\/strong><br \/>\nMedlemsavgifterna blev of\u00f6r\u00e4ndrade.<br \/>\nSM 2026 spelas i J\u00f6nk\u00f6ping vilket var k\u00e4nt sedan tidigare.<br \/>\nH\u00e5kan \u00d6stling h\u00f6ll en kortare tal som ny generalsekreterare.<br \/>\nSchackgideon gick till Anna Cramling.<br \/>\nEn genomg\u00e5ng av av h\u00e4ndelseutvecklingen i f\u00f6rtalsm\u00e5let mot SSF ordf\u00f6rande och tidigare kass\u00f6r gjordes. SSF vann i l\u00e4gre instans och motparten har endast \u00f6verklagat delen som behandlar SSF ordf\u00f6rande.<br \/>\nLennart Beijer, Per S\u00f6derberg och Stellan Brynell utseddes till hedersledam\u00f6ter i SSF.<\/p>\n<p>L\u00e4s mer p\u00e5 <a href=\"https:\/\/schack.se\/nyhet\/ettan\/2025\/06\/hakan-jalling-omvald-pa-kongressen\/\" target=\"_blank\" rel=\"noopener\">SSF hemsida<\/a>.<\/p>\n<figure class=\"wp-block-image size-full\"><\/figure>\n","protected":false},"excerpt":{"rendered":"<p>Sveriges schackf\u00f6rbund \u00e5rliga kongress h\u00e5lls i samband med SM. I \u00e5r h\u00f6lls kongressen i Uppsala stadshus. Det var en lugn tillst\u00e4llning d\u00e4r den enda enda fr\u00e5gan som gick till omr\u00f6stning var valet av sista platsen i valberedningen. Vad h\u00e4nde? Valen &hellip; <a href=\"https:\/\/www.nvssf.com\/forbundet\/kongress\/\">Forts\u00e4tt l\u00e4sa <span class=\"meta-nav\">&rarr;<\/span><\/a><\/p>\n","protected":false},"author":9,"featured_media":0,"comment_status":"closed","ping_status":"open","sticky":false,"template":"","format":"standard","meta":{"_acf_changed":false,"footnotes":""},"categories":[1],"tags":[],"acf":[],"_links":{"self":[{"href":"https:\/\/www.nvssf.com\/forbundet\/wp-json\/wp\/v2\/posts\/14909"}],"collection":[{"href":"https:\/\/www.nvssf.com\/forbundet\/wp-json\/wp\/v2\/posts"}],"about":[{"href":"https:\/\/www.nvssf.com\/forbundet\/wp-json\/wp\/v2\/types\/post"}],"author":[{"embeddable":true,"href":"https:\/\/www.nvssf.com\/forbundet\/wp-json\/wp\/v2\/users\/9"}],"replies":[{"embeddable":true,"href":"https:\/\/www.nvssf.com\/forbundet\/wp-json\/wp\/v2\/comments?post=14909"}],"version-history":[{"count":4,"href":"https:\/\/www.nvssf.com\/forbundet\/wp-json\/wp\/v2\/posts\/14909\/revisions"}],"predecessor-version":[{"id":14913,"href":"https:\/\/www.nvssf.com\/forbundet\/wp-json\/wp\/v2\/posts\/14909\/revisions\/14913"}],"wp:attachment":[{"href":"https:\/\/www.nvssf.com\/forbundet\/wp-json\/wp\/v2\/media?parent=14909"}],"wp:term":[{"taxonomy":"category","embeddable":true,"href":"https:\/\/www.nvssf.com\/forbundet\/wp-json\/wp\/v2\/categories?post=14909"},{"taxonomy":"post_tag","embeddable":true,"href":"https:\/\/www.nvssf.com\/forbundet\/wp-json\/wp\/v2\/tags?post=14909"}],"curies":[{"name":"wp","href":"https:\/\/api.w.org\/{rel}","templated":true}]}}