{"id":14960,"date":"2025-08-15T10:06:57","date_gmt":"2025-08-15T08:06:57","guid":{"rendered":"https:\/\/www.nvssf.com\/forbundet\/?p=14960"},"modified":"2025-08-14T20:31:08","modified_gmt":"2025-08-14T18:31:08","slug":"nya-tavlingsbestammelser-2025-2026","status":"publish","type":"post","link":"https:\/\/www.nvssf.com\/forbundet\/nya-tavlingsbestammelser-2025-2026\/","title":{"rendered":"Nya t\u00e4vlingsbest\u00e4mmelser 2025\/2026"},"content":{"rendered":"<p>Sveriges schackf\u00f6rbund har publicerat t\u00e4vlingsbest\u00e4mmelserna f\u00f6r s\u00e4songen 2025\/2026. Nytt f\u00f6r i \u00e5r:<\/p>\n<p>&#x2666; I division 3 i Allsvenskan \u00e4r att laguppst\u00e4llning l\u00e4mnas i medlemssystemet senast en timme f\u00f6re match. Har laguppst\u00e4llningen inte l\u00e4mnats inom denna tid, ska laguppst\u00e4llning vara i ratingordning. Laguppst\u00e4llningarna offentligg\u00f6rs 15 minuter f\u00f6re match, f\u00f6rutsatt att b\u00e5da lagens laguppst\u00e4llningar \u00e4r registrerade.<br \/>\n&#x2666; Anm\u00e4lan av lagledare i Allsvenskan ska ske senast 2025-09-15.<\/p>\n<p>Hela t\u00e4vlingsbest\u00e4mmelserna kan l\u00e4sas <a href=\"https:\/\/schack.se\/wp-content\/uploads\/2025\/08\/TB-2025-2026-2025_07_03-slutgiltig.pdf\" target=\"_blank\" rel=\"noopener\">h\u00e4r<\/a>.<\/p>\n","protected":false},"excerpt":{"rendered":"<p>Sveriges schackf\u00f6rbund har publicerat t\u00e4vlingsbest\u00e4mmelserna f\u00f6r s\u00e4songen 2025\/2026. Nytt f\u00f6r i \u00e5r: &#x2666; I division 3 i Allsvenskan \u00e4r att laguppst\u00e4llning l\u00e4mnas i medlemssystemet senast en timme f\u00f6re match. Har laguppst\u00e4llningen inte l\u00e4mnats inom denna tid, ska laguppst\u00e4llning vara i &hellip; <a href=\"https:\/\/www.nvssf.com\/forbundet\/nya-tavlingsbestammelser-2025-2026\/\">Forts\u00e4tt l\u00e4sa <span class=\"meta-nav\">&rarr;<\/span><\/a><\/p>\n","protected":false},"author":9,"featured_media":0,"comment_status":"closed","ping_status":"open","sticky":false,"template":"","format":"standard","meta":{"_acf_changed":false,"footnotes":""},"categories":[13],"tags":[],"acf":[],"_links":{"self":[{"href":"https:\/\/www.nvssf.com\/forbundet\/wp-json\/wp\/v2\/posts\/14960"}],"collection":[{"href":"https:\/\/www.nvssf.com\/forbundet\/wp-json\/wp\/v2\/posts"}],"about":[{"href":"https:\/\/www.nvssf.com\/forbundet\/wp-json\/wp\/v2\/types\/post"}],"author":[{"embeddable":true,"href":"https:\/\/www.nvssf.com\/forbundet\/wp-json\/wp\/v2\/users\/9"}],"replies":[{"embeddable":true,"href":"https:\/\/www.nvssf.com\/forbundet\/wp-json\/wp\/v2\/comments?post=14960"}],"version-history":[{"count":1,"href":"https:\/\/www.nvssf.com\/forbundet\/wp-json\/wp\/v2\/posts\/14960\/revisions"}],"predecessor-version":[{"id":14961,"href":"https:\/\/www.nvssf.com\/forbundet\/wp-json\/wp\/v2\/posts\/14960\/revisions\/14961"}],"wp:attachment":[{"href":"https:\/\/www.nvssf.com\/forbundet\/wp-json\/wp\/v2\/media?parent=14960"}],"wp:term":[{"taxonomy":"category","embeddable":true,"href":"https:\/\/www.nvssf.com\/forbundet\/wp-json\/wp\/v2\/categories?post=14960"},{"taxonomy":"post_tag","embeddable":true,"href":"https:\/\/www.nvssf.com\/forbundet\/wp-json\/wp\/v2\/tags?post=14960"}],"curies":[{"name":"wp","href":"https:\/\/api.w.org\/{rel}","templated":true}]}}