{"id":15036,"date":"2025-10-03T21:22:11","date_gmt":"2025-10-03T19:22:11","guid":{"rendered":"https:\/\/www.nvssf.com\/forbundet\/?p=15036"},"modified":"2025-10-03T21:22:11","modified_gmt":"2025-10-03T19:22:11","slug":"engelholms-sk-flyttar","status":"publish","type":"post","link":"https:\/\/www.nvssf.com\/forbundet\/engelholms-sk-flyttar\/","title":{"rendered":"Engelholms SK flyttar"},"content":{"rendered":"<p>Engelholms SK flyttar till Nybrov\u00e4gen 6 i \u00c4ngelholm. Schackklubben kommer att dela\u00a0 lokal som \u00e4r f\u00f6retaget <a href=\"https:\/\/nadox.se\/\" target=\"_blank\" rel=\"noopener\">Nadox<\/a>. L\u00e4s mer <a href=\"https:\/\/www.svenskalag.se\/engelholmssk\/nyheter\/2403666\/klubben-har-flyttat-till-ny-lokal\" target=\"_blank\" rel=\"noopener\">h\u00e4r<\/a>.<\/p>\n","protected":false},"excerpt":{"rendered":"<p>Engelholms SK flyttar till Nybrov\u00e4gen 6 i \u00c4ngelholm. Schackklubben kommer att dela\u00a0 lokal som \u00e4r f\u00f6retaget Nadox. L\u00e4s mer h\u00e4r.<\/p>\n","protected":false},"author":9,"featured_media":0,"comment_status":"closed","ping_status":"open","sticky":false,"template":"","format":"standard","meta":{"_acf_changed":false,"footnotes":""},"categories":[137],"tags":[],"acf":[],"_links":{"self":[{"href":"https:\/\/www.nvssf.com\/forbundet\/wp-json\/wp\/v2\/posts\/15036"}],"collection":[{"href":"https:\/\/www.nvssf.com\/forbundet\/wp-json\/wp\/v2\/posts"}],"about":[{"href":"https:\/\/www.nvssf.com\/forbundet\/wp-json\/wp\/v2\/types\/post"}],"author":[{"embeddable":true,"href":"https:\/\/www.nvssf.com\/forbundet\/wp-json\/wp\/v2\/users\/9"}],"replies":[{"embeddable":true,"href":"https:\/\/www.nvssf.com\/forbundet\/wp-json\/wp\/v2\/comments?post=15036"}],"version-history":[{"count":1,"href":"https:\/\/www.nvssf.com\/forbundet\/wp-json\/wp\/v2\/posts\/15036\/revisions"}],"predecessor-version":[{"id":15037,"href":"https:\/\/www.nvssf.com\/forbundet\/wp-json\/wp\/v2\/posts\/15036\/revisions\/15037"}],"wp:attachment":[{"href":"https:\/\/www.nvssf.com\/forbundet\/wp-json\/wp\/v2\/media?parent=15036"}],"wp:term":[{"taxonomy":"category","embeddable":true,"href":"https:\/\/www.nvssf.com\/forbundet\/wp-json\/wp\/v2\/categories?post=15036"},{"taxonomy":"post_tag","embeddable":true,"href":"https:\/\/www.nvssf.com\/forbundet\/wp-json\/wp\/v2\/tags?post=15036"}],"curies":[{"name":"wp","href":"https:\/\/api.w.org\/{rel}","templated":true}]}}