{"id":15049,"date":"2025-10-12T22:16:04","date_gmt":"2025-10-12T20:16:04","guid":{"rendered":"https:\/\/www.nvssf.com\/forbundet\/?p=15049"},"modified":"2025-10-12T22:16:04","modified_gmt":"2025-10-12T20:16:04","slug":"skol-sm-2","status":"publish","type":"post","link":"https:\/\/www.nvssf.com\/forbundet\/skol-sm-2\/","title":{"rendered":"Skol-SM"},"content":{"rendered":"<p style=\"text-align: left;\">Sju juniorer fr\u00e5n <a href=\"https:\/\/hask.nu\/\" target=\"_blank\" rel=\"noopener\">Helsingborgs ASK<\/a> spelade Skol-SM i Kalmar. B\u00e4st gick det f\u00f6r <strong>Egil Berling<\/strong>\u00a0i <a href=\"https:\/\/member.schack.se\/ShowTournamentServlet?id=16297\" target=\"_blank\" rel=\"noopener\">Grupp B<\/a> (15-16 \u00e5r) och <strong>Sion Nivstrand Wikdahl <\/strong>i\u00a0<a href=\"https:\/\/member.schack.se\/ShowTournamentServlet?id=16301\" target=\"_blank\" rel=\"noopener\">Grupp F<\/a> (11 \u00e5r) som b\u00e5da slutade p\u00e5 sj\u00e4tte plats.<br \/>\n<img loading=\"lazy\" decoding=\"async\" class=\"aligncenter\" src=\"https:\/\/www.nvssf.com\/forbundet\/wp-content\/uploads\/2025\/10\/Skol-SM-Egil-Rond-7-1.jpeg\" width=\"433\" height=\"660\" \/>Egil Berling tog 5\u00bd av 8 i skol-SM. Foto: Jonas Berling.<\/p>\n","protected":false},"excerpt":{"rendered":"<p>Sju juniorer fr\u00e5n Helsingborgs ASK spelade Skol-SM i Kalmar. B\u00e4st gick det f\u00f6r Egil Berling\u00a0i Grupp B (15-16 \u00e5r) och Sion Nivstrand Wikdahl i\u00a0Grupp F (11 \u00e5r) som b\u00e5da slutade p\u00e5 sj\u00e4tte plats. Egil Berling tog 5\u00bd av 8 i &hellip; <a href=\"https:\/\/www.nvssf.com\/forbundet\/skol-sm-2\/\">Forts\u00e4tt l\u00e4sa <span class=\"meta-nav\">&rarr;<\/span><\/a><\/p>\n","protected":false},"author":9,"featured_media":0,"comment_status":"closed","ping_status":"open","sticky":false,"template":"","format":"standard","meta":{"_acf_changed":false,"footnotes":""},"categories":[9],"tags":[],"acf":[],"_links":{"self":[{"href":"https:\/\/www.nvssf.com\/forbundet\/wp-json\/wp\/v2\/posts\/15049"}],"collection":[{"href":"https:\/\/www.nvssf.com\/forbundet\/wp-json\/wp\/v2\/posts"}],"about":[{"href":"https:\/\/www.nvssf.com\/forbundet\/wp-json\/wp\/v2\/types\/post"}],"author":[{"embeddable":true,"href":"https:\/\/www.nvssf.com\/forbundet\/wp-json\/wp\/v2\/users\/9"}],"replies":[{"embeddable":true,"href":"https:\/\/www.nvssf.com\/forbundet\/wp-json\/wp\/v2\/comments?post=15049"}],"version-history":[{"count":1,"href":"https:\/\/www.nvssf.com\/forbundet\/wp-json\/wp\/v2\/posts\/15049\/revisions"}],"predecessor-version":[{"id":15050,"href":"https:\/\/www.nvssf.com\/forbundet\/wp-json\/wp\/v2\/posts\/15049\/revisions\/15050"}],"wp:attachment":[{"href":"https:\/\/www.nvssf.com\/forbundet\/wp-json\/wp\/v2\/media?parent=15049"}],"wp:term":[{"taxonomy":"category","embeddable":true,"href":"https:\/\/www.nvssf.com\/forbundet\/wp-json\/wp\/v2\/categories?post=15049"},{"taxonomy":"post_tag","embeddable":true,"href":"https:\/\/www.nvssf.com\/forbundet\/wp-json\/wp\/v2\/tags?post=15049"}],"curies":[{"name":"wp","href":"https:\/\/api.w.org\/{rel}","templated":true}]}}