{"id":15146,"date":"2025-11-24T13:38:30","date_gmt":"2025-11-24T12:38:30","guid":{"rendered":"https:\/\/www.nvssf.com\/forbundet\/?p=15146"},"modified":"2025-11-24T13:38:30","modified_gmt":"2025-11-24T12:38:30","slug":"inbjudan-snabb-sm-for-knattar-och-miniorer","status":"publish","type":"post","link":"https:\/\/www.nvssf.com\/forbundet\/inbjudan-snabb-sm-for-knattar-och-miniorer\/","title":{"rendered":"Inbjudan Snabb-SM f\u00f6r knattar och miniorer"},"content":{"rendered":"<p>Snabb-SM f\u00f6r knattar och miniorer spelas den 21 mars 2026 i V\u00e4ster\u00e5s. \u00c5ldersklassen f\u00f6r miniorer \u00e4r barn f\u00f6dda 2013-2015 och knatteklassen \u00e4r f\u00f6r barn f\u00f6dda 2016 och senare.<br \/>\nInbjudan finns <a href=\"https:\/\/schack.se\/wp-content\/uploads\/2025\/11\/Inbjudan-Snabbschacks-SM-for-knattar-och-miniorer-2026-officiell.pdf\" target=\"_blank\" rel=\"noopener\">h\u00e4r<\/a>.<br \/>\nAnm\u00e4lan g\u00f6rs <a href=\"https:\/\/member.schack.se\/turnering\/6213\/anmalan\" target=\"_blank\" rel=\"noopener\">h\u00e4r<\/a>.<\/p>\n","protected":false},"excerpt":{"rendered":"<p>Snabb-SM f\u00f6r knattar och miniorer spelas den 21 mars 2026 i V\u00e4ster\u00e5s. \u00c5ldersklassen f\u00f6r miniorer \u00e4r barn f\u00f6dda 2013-2015 och knatteklassen \u00e4r f\u00f6r barn f\u00f6dda 2016 och senare. Inbjudan finns h\u00e4r. Anm\u00e4lan g\u00f6rs h\u00e4r.<\/p>\n","protected":false},"author":9,"featured_media":0,"comment_status":"closed","ping_status":"open","sticky":false,"template":"","format":"standard","meta":{"_acf_changed":false,"footnotes":""},"categories":[7,258],"tags":[],"acf":[],"_links":{"self":[{"href":"https:\/\/www.nvssf.com\/forbundet\/wp-json\/wp\/v2\/posts\/15146"}],"collection":[{"href":"https:\/\/www.nvssf.com\/forbundet\/wp-json\/wp\/v2\/posts"}],"about":[{"href":"https:\/\/www.nvssf.com\/forbundet\/wp-json\/wp\/v2\/types\/post"}],"author":[{"embeddable":true,"href":"https:\/\/www.nvssf.com\/forbundet\/wp-json\/wp\/v2\/users\/9"}],"replies":[{"embeddable":true,"href":"https:\/\/www.nvssf.com\/forbundet\/wp-json\/wp\/v2\/comments?post=15146"}],"version-history":[{"count":1,"href":"https:\/\/www.nvssf.com\/forbundet\/wp-json\/wp\/v2\/posts\/15146\/revisions"}],"predecessor-version":[{"id":15147,"href":"https:\/\/www.nvssf.com\/forbundet\/wp-json\/wp\/v2\/posts\/15146\/revisions\/15147"}],"wp:attachment":[{"href":"https:\/\/www.nvssf.com\/forbundet\/wp-json\/wp\/v2\/media?parent=15146"}],"wp:term":[{"taxonomy":"category","embeddable":true,"href":"https:\/\/www.nvssf.com\/forbundet\/wp-json\/wp\/v2\/categories?post=15146"},{"taxonomy":"post_tag","embeddable":true,"href":"https:\/\/www.nvssf.com\/forbundet\/wp-json\/wp\/v2\/tags?post=15146"}],"curies":[{"name":"wp","href":"https:\/\/api.w.org\/{rel}","templated":true}]}}