{"id":15272,"date":"2026-01-25T02:30:28","date_gmt":"2026-01-25T01:30:28","guid":{"rendered":"https:\/\/www.nvssf.com\/forbundet\/?p=15272"},"modified":"2026-01-25T02:30:28","modified_gmt":"2026-01-25T01:30:28","slug":"inbjudan-schackfyran-distriktsfinal","status":"publish","type":"post","link":"https:\/\/www.nvssf.com\/forbundet\/inbjudan-schackfyran-distriktsfinal\/","title":{"rendered":"Inbjudan schackfyran distriktsfinal"},"content":{"rendered":"<p>Fredagen den 27:e mars spelas \u00e5rets distriktsfinal i schackfyran. T\u00e4vlingen spelas p\u00e5<br \/>\nIdrottens hus (Helsingborg) i B-hallen. Hela inbjudan finns <a href=\"https:\/\/www.nvssf.com\/forbundet\/wp-content\/uploads\/2026\/01\/Inbjudan-S4-final-2026.pdf\" target=\"_blank\" rel=\"noopener\">h\u00e4r<\/a>.<\/p>\n","protected":false},"excerpt":{"rendered":"<p>Fredagen den 27:e mars spelas \u00e5rets distriktsfinal i schackfyran. T\u00e4vlingen spelas p\u00e5 Idrottens hus (Helsingborg) i B-hallen. Hela inbjudan finns h\u00e4r.<\/p>\n","protected":false},"author":9,"featured_media":0,"comment_status":"closed","ping_status":"open","sticky":false,"template":"","format":"standard","meta":{"_acf_changed":false,"footnotes":""},"categories":[7,284],"tags":[],"acf":[],"_links":{"self":[{"href":"https:\/\/www.nvssf.com\/forbundet\/wp-json\/wp\/v2\/posts\/15272"}],"collection":[{"href":"https:\/\/www.nvssf.com\/forbundet\/wp-json\/wp\/v2\/posts"}],"about":[{"href":"https:\/\/www.nvssf.com\/forbundet\/wp-json\/wp\/v2\/types\/post"}],"author":[{"embeddable":true,"href":"https:\/\/www.nvssf.com\/forbundet\/wp-json\/wp\/v2\/users\/9"}],"replies":[{"embeddable":true,"href":"https:\/\/www.nvssf.com\/forbundet\/wp-json\/wp\/v2\/comments?post=15272"}],"version-history":[{"count":1,"href":"https:\/\/www.nvssf.com\/forbundet\/wp-json\/wp\/v2\/posts\/15272\/revisions"}],"predecessor-version":[{"id":15273,"href":"https:\/\/www.nvssf.com\/forbundet\/wp-json\/wp\/v2\/posts\/15272\/revisions\/15273"}],"wp:attachment":[{"href":"https:\/\/www.nvssf.com\/forbundet\/wp-json\/wp\/v2\/media?parent=15272"}],"wp:term":[{"taxonomy":"category","embeddable":true,"href":"https:\/\/www.nvssf.com\/forbundet\/wp-json\/wp\/v2\/categories?post=15272"},{"taxonomy":"post_tag","embeddable":true,"href":"https:\/\/www.nvssf.com\/forbundet\/wp-json\/wp\/v2\/tags?post=15272"}],"curies":[{"name":"wp","href":"https:\/\/api.w.org\/{rel}","templated":true}]}}